{"id":42313,"date":"2026-02-10T15:06:40","date_gmt":"2026-02-10T14:06:40","guid":{"rendered":"https:\/\/viatgesvinolas.com\/?p=42313"},"modified":"2026-02-11T12:00:13","modified_gmt":"2026-02-11T11:00:13","slug":"america-del-sud-essencia-de-colombia","status":"publish","type":"post","link":"https:\/\/viatgesvinolas.com\/en\/gransviatges\/america-del-sud-essencia-de-colombia\/","title":{"rendered":"L&#8217;ess\u00e8ncia de Col\u00f2mbia"},"content":{"rendered":"\t\t<div data-elementor-type=\"wp-post\" data-elementor-id=\"42313\" class=\"elementor elementor-42313\" data-elementor-post-type=\"post\">\n\t\t\t\t<div class=\"elementor-element elementor-element-6e68ecb1 e-con-full e-flex e-con e-parent\" data-id=\"6e68ecb1\" data-element_type=\"container\" data-e-type=\"container\" data-settings=\"{&quot;background_background&quot;:&quot;video&quot;,&quot;background_video_link&quot;:&quot;https:\\\/\\\/viatgesvinolas.com\\\/wp-content\\\/uploads\\\/2025\\\/08\\\/VIDEO-INTRO-VIATGE-EN-GRUP-COLOMBIA.mp4&quot;,&quot;jet_parallax_layout_list&quot;:[],&quot;background_play_on_mobile&quot;:&quot;yes&quot;}\">\n\t\t<div class=\"elementor-background-video-container\">\n\t\t\t\t\t\t\t<video class=\"elementor-background-video-hosted\" role=\"presentation\" autoplay muted playsinline loop><\/video>\n\t\t\t\t\t<\/div>\t\t<\/div>\n\t\t<div class=\"elementor-element elementor-element-5172e150 e-flex e-con-boxed e-con e-parent\" data-id=\"5172e150\" data-element_type=\"container\" data-e-type=\"container\" data-settings=\"{&quot;jet_parallax_layout_list&quot;:[{&quot;jet_parallax_layout_image&quot;:{&quot;url&quot;:&quot;&quot;,&quot;id&quot;:&quot;&quot;,&quot;size&quot;:&quot;&quot;},&quot;_id&quot;:&quot;b0b005b&quot;,&quot;jet_parallax_layout_image_tablet&quot;:{&quot;url&quot;:&quot;&quot;,&quot;id&quot;:&quot;&quot;,&quot;size&quot;:&quot;&quot;},&quot;jet_parallax_layout_image_mobile&quot;:{&quot;url&quot;:&quot;&quot;,&quot;id&quot;:&quot;&quot;,&quot;size&quot;:&quot;&quot;},&quot;jet_parallax_layout_speed&quot;:{&quot;unit&quot;:&quot;%&quot;,&quot;size&quot;:50,&quot;sizes&quot;:[]},&quot;jet_parallax_layout_type&quot;:&quot;scroll&quot;,&quot;jet_parallax_layout_direction&quot;:&quot;1&quot;,&quot;jet_parallax_layout_fx_direction&quot;:null,&quot;jet_parallax_layout_z_index&quot;:&quot;&quot;,&quot;jet_parallax_layout_bg_x&quot;:50,&quot;jet_parallax_layout_bg_x_tablet&quot;:&quot;&quot;,&quot;jet_parallax_layout_bg_x_mobile&quot;:&quot;&quot;,&quot;jet_parallax_layout_bg_y&quot;:50,&quot;jet_parallax_layout_bg_y_tablet&quot;:&quot;&quot;,&quot;jet_parallax_layout_bg_y_mobile&quot;:&quot;&quot;,&quot;jet_parallax_layout_bg_size&quot;:&quot;auto&quot;,&quot;jet_parallax_layout_bg_size_tablet&quot;:&quot;&quot;,&quot;jet_parallax_layout_bg_size_mobile&quot;:&quot;&quot;,&quot;jet_parallax_layout_animation_prop&quot;:&quot;transform&quot;,&quot;jet_parallax_layout_on&quot;:[&quot;desktop&quot;,&quot;tablet&quot;]}]}\">\n\t\t\t\t\t<div class=\"e-con-inner\">\n\t\t<div class=\"elementor-element elementor-element-4169646c e-con-full e-flex e-con e-child\" data-id=\"4169646c\" data-element_type=\"container\" data-e-type=\"container\" data-settings=\"{&quot;background_background&quot;:&quot;classic&quot;,&quot;jet_parallax_layout_list&quot;:[]}\">\n\t\t\t\t<div class=\"elementor-element elementor-element-56203330 elementor-widget elementor-widget-post-info\" data-id=\"56203330\" data-element_type=\"widget\" data-e-type=\"widget\" data-widget_type=\"post-info.default\">\n\t\t\t\t<div class=\"elementor-widget-container\">\n\t\t\t\t\t\t\t<ul class=\"elementor-inline-items elementor-icon-list-items elementor-post-info\">\n\t\t\t\t\t\t\t\t<li class=\"elementor-icon-list-item elementor-repeater-item-8e72a6a elementor-inline-item\" itemprop=\"about\">\n\t\t\t\t\t\t\t\t\t\t<span class=\"elementor-icon-list-icon\">\n\t\t\t\t\t\t\t\t<svg aria-hidden=\"true\" class=\"e-font-icon-svg e-fas-tags\" viewBox=\"0 0 640 512\" xmlns=\"http:\/\/www.w3.org\/2000\/svg\"><path d=\"M497.941 225.941L286.059 14.059A48 48 0 0 0 252.118 0H48C21.49 0 0 21.49 0 48v204.118a48 48 0 0 0 14.059 33.941l211.882 211.882c18.744 18.745 49.136 18.746 67.882 0l204.118-204.118c18.745-18.745 18.745-49.137 0-67.882zM112 160c-26.51 0-48-21.49-48-48s21.49-48 48-48 48 21.49 48 48-21.49 48-48 48zm513.941 133.823L421.823 497.941c-18.745 18.745-49.137 18.745-67.882 0l-.36-.36L527.64 323.522c16.999-16.999 26.36-39.6 26.36-63.64s-9.362-46.641-26.36-63.64L331.397 0h48.721a48 48 0 0 1 33.941 14.059l211.882 211.882c18.745 18.745 18.745 49.137 0 67.882z\"><\/path><\/svg>\t\t\t\t\t\t\t<\/span>\n\t\t\t\t\t\t\t\t\t<span class=\"elementor-icon-list-text elementor-post-info__item elementor-post-info__item--type-terms\">\n\t\t\t\t\t\t\t\t\t\t<span class=\"elementor-post-info__terms-list\">\n\t\t\t\t<a href=\"https:\/\/viatgesvinolas.com\/en\/category\/gransviatges\/america-del-sud\/\" class=\"elementor-post-info__terms-list-item\">Am\u00e8rica del Sud<\/a>, <a href=\"https:\/\/viatgesvinolas.com\/en\/category\/gransviatges\/america-del-sud\/colombia\/\" class=\"elementor-post-info__terms-list-item\">Col\u00f2mbia<\/a>, <a href=\"https:\/\/viatgesvinolas.com\/en\/category\/gransviatges\/\" class=\"elementor-post-info__terms-list-item\">Grans Viatges<\/a>\t\t\t\t<\/span>\n\t\t\t\t\t<\/span>\n\t\t\t\t\t\t\t\t<\/li>\n\t\t\t\t<\/ul>\n\t\t\t\t\t\t<\/div>\n\t\t\t\t<\/div>\n\t\t\t\t<div class=\"elementor-element elementor-element-3aeef56d elementor-widget elementor-widget-spacer\" data-id=\"3aeef56d\" data-element_type=\"widget\" data-e-type=\"widget\" data-widget_type=\"spacer.default\">\n\t\t\t\t<div class=\"elementor-widget-container\">\n\t\t\t\t\t\t\t<div class=\"elementor-spacer\">\n\t\t\t<div class=\"elementor-spacer-inner\"><\/div>\n\t\t<\/div>\n\t\t\t\t\t\t<\/div>\n\t\t\t\t<\/div>\n\t\t\t\t<div class=\"elementor-element elementor-element-6840c0c9 elementor-widget elementor-widget-heading\" data-id=\"6840c0c9\" data-element_type=\"widget\" data-e-type=\"widget\" data-widget_type=\"heading.default\">\n\t\t\t\t<div class=\"elementor-widget-container\">\n\t\t\t\t\t<h1 class=\"elementor-heading-title elementor-size-default\">VIATGE A L'ESS\u00c8NCIA DE COL\u00d2MBIA<\/h1>\t\t\t\t<\/div>\n\t\t\t\t<\/div>\n\t\t\t\t<div class=\"elementor-element elementor-element-5a6dbb77 elementor-widget elementor-widget-spacer\" data-id=\"5a6dbb77\" data-element_type=\"widget\" data-e-type=\"widget\" data-widget_type=\"spacer.default\">\n\t\t\t\t<div class=\"elementor-widget-container\">\n\t\t\t\t\t\t\t<div class=\"elementor-spacer\">\n\t\t\t<div class=\"elementor-spacer-inner\"><\/div>\n\t\t<\/div>\n\t\t\t\t\t\t<\/div>\n\t\t\t\t<\/div>\n\t\t\t\t<div class=\"elementor-element elementor-element-5854d8cd elementor-widget elementor-widget-text-editor\" data-id=\"5854d8cd\" data-element_type=\"widget\" data-e-type=\"widget\" data-widget_type=\"text-editor.default\">\n\t\t\t\t<div class=\"elementor-widget-container\">\n\t\t\t\t\t\t\t\t\t<p>Diuen que \u00e9s el pa\u00eds de la bellesa, un dest\u00ed que vibra amb for\u00e7a pr\u00f2pia entre ciutats colonials i platges selv\u00e0tiques. El lloc on la bellesa arquitect\u00f2nica i l\u2019exuber\u00e0ncia natural es troben: Col\u00f2mbia.<\/p><p>Et proposem una ruta pels colors, paisatges i sabors del pa\u00eds, comen\u00e7ant per la seva capital, Bogot\u00e0, continuant per l\u2019eje cafetero visitant ciutats com Pereira o Fil\u00e0ndia, per\u00f2 tamb\u00e9 Valle del Cocora i una finca cafetera i una altra de xocolata. D\u2019aqu\u00ed et despla\u00e7ar\u00e0s fins a Medell\u00edn, coneguda com la ciutat de l\u2019eterna primavera, on coneixer\u00e0s part de la hist\u00f2ria del pa\u00eds a trav\u00e9s dels seus carrers i de la comuna 13.<\/p><p>La seg\u00fcent parada \u00e9s Santa Marta, la ciutat m\u00e9s antiga d\u2019Am\u00e8rica, situada entre la serralada i el mar i porta d\u2019entrada al Parc Nacional Tayrona. Aqu\u00ed podr\u00e0s gaudir de la natura i platges paradis\u00edaques mentre descanses o fas esports d\u2019aigua o d\u2019aventura. El viatge acaba a Cartagena de Indias, una ciutat plena d\u2019encant entre fa\u00e7anes pintoresques, carrerons i mil hist\u00f2ries per descobrir.<\/p><p>En resum, un viatge molt complet que et permetr\u00e0 con\u00e8ixer l\u2019ess\u00e8ncia de Col\u00f2mbia.<\/p>\t\t\t\t\t\t\t\t<\/div>\n\t\t\t\t<\/div>\n\t\t\t\t<\/div>\n\t\t\t\t\t<\/div>\n\t\t\t\t<\/div>\n\t\t<div class=\"elementor-element elementor-element-76f10901 e-flex e-con-boxed e-con e-parent\" data-id=\"76f10901\" data-element_type=\"container\" data-e-type=\"container\" data-settings=\"{&quot;jet_parallax_layout_list&quot;:[{&quot;jet_parallax_layout_image&quot;:{&quot;url&quot;:&quot;&quot;,&quot;id&quot;:&quot;&quot;,&quot;size&quot;:&quot;&quot;},&quot;_id&quot;:&quot;b0b005b&quot;,&quot;jet_parallax_layout_image_tablet&quot;:{&quot;url&quot;:&quot;&quot;,&quot;id&quot;:&quot;&quot;,&quot;size&quot;:&quot;&quot;},&quot;jet_parallax_layout_image_mobile&quot;:{&quot;url&quot;:&quot;&quot;,&quot;id&quot;:&quot;&quot;,&quot;size&quot;:&quot;&quot;},&quot;jet_parallax_layout_speed&quot;:{&quot;unit&quot;:&quot;%&quot;,&quot;size&quot;:50,&quot;sizes&quot;:[]},&quot;jet_parallax_layout_type&quot;:&quot;scroll&quot;,&quot;jet_parallax_layout_direction&quot;:&quot;1&quot;,&quot;jet_parallax_layout_fx_direction&quot;:null,&quot;jet_parallax_layout_z_index&quot;:&quot;&quot;,&quot;jet_parallax_layout_bg_x&quot;:50,&quot;jet_parallax_layout_bg_x_tablet&quot;:&quot;&quot;,&quot;jet_parallax_layout_bg_x_mobile&quot;:&quot;&quot;,&quot;jet_parallax_layout_bg_y&quot;:50,&quot;jet_parallax_layout_bg_y_tablet&quot;:&quot;&quot;,&quot;jet_parallax_layout_bg_y_mobile&quot;:&quot;&quot;,&quot;jet_parallax_layout_bg_size&quot;:&quot;auto&quot;,&quot;jet_parallax_layout_bg_size_tablet&quot;:&quot;&quot;,&quot;jet_parallax_layout_bg_size_mobile&quot;:&quot;&quot;,&quot;jet_parallax_layout_animation_prop&quot;:&quot;transform&quot;,&quot;jet_parallax_layout_on&quot;:[&quot;desktop&quot;,&quot;tablet&quot;]}]}\">\n\t\t\t\t\t<div class=\"e-con-inner\">\n\t\t<div class=\"elementor-element elementor-element-30e51555 e-con-full e-flex e-con e-child\" data-id=\"30e51555\" data-element_type=\"container\" data-e-type=\"container\" data-settings=\"{&quot;background_background&quot;:&quot;classic&quot;,&quot;jet_parallax_layout_list&quot;:[]}\">\n\t\t\t\t<div class=\"elementor-element elementor-element-30105320 elementor-view-default elementor-position-block-start elementor-mobile-position-block-start elementor-widget elementor-widget-icon-box\" data-id=\"30105320\" data-element_type=\"widget\" data-e-type=\"widget\" data-widget_type=\"icon-box.default\">\n\t\t\t\t<div class=\"elementor-widget-container\">\n\t\t\t\t\t\t\t<div class=\"elementor-icon-box-wrapper\">\n\n\t\t\t\t\t\t<div class=\"elementor-icon-box-icon\">\n\t\t\t\t<span  class=\"elementor-icon\">\n\t\t\t\t<svg aria-hidden=\"true\" class=\"e-font-icon-svg e-fas-globe-africa\" viewBox=\"0 0 496 512\" xmlns=\"http:\/\/www.w3.org\/2000\/svg\"><path d=\"M248 8C111.03 8 0 119.03 0 256s111.03 248 248 248 248-111.03 248-248S384.97 8 248 8zm160 215.5v6.93c0 5.87-3.32 11.24-8.57 13.86l-15.39 7.7a15.485 15.485 0 0 1-15.53-.97l-18.21-12.14a15.52 15.52 0 0 0-13.5-1.81l-2.65.88c-9.7 3.23-13.66 14.79-7.99 23.3l13.24 19.86c2.87 4.31 7.71 6.9 12.89 6.9h8.21c8.56 0 15.5 6.94 15.5 15.5v11.34c0 3.35-1.09 6.62-3.1 9.3l-18.74 24.98c-1.42 1.9-2.39 4.1-2.83 6.43l-4.3 22.83c-.62 3.29-2.29 6.29-4.76 8.56a159.608 159.608 0 0 0-25 29.16l-13.03 19.55a27.756 27.756 0 0 1-23.09 12.36c-10.51 0-20.12-5.94-24.82-15.34a78.902 78.902 0 0 1-8.33-35.29V367.5c0-8.56-6.94-15.5-15.5-15.5h-25.88c-14.49 0-28.38-5.76-38.63-16a54.659 54.659 0 0 1-16-38.63v-14.06c0-17.19 8.1-33.38 21.85-43.7l27.58-20.69a54.663 54.663 0 0 1 32.78-10.93h.89c8.48 0 16.85 1.97 24.43 5.77l14.72 7.36c3.68 1.84 7.93 2.14 11.83.84l47.31-15.77c6.33-2.11 10.6-8.03 10.6-14.7 0-8.56-6.94-15.5-15.5-15.5h-10.09c-4.11 0-8.05-1.63-10.96-4.54l-6.92-6.92a15.493 15.493 0 0 0-10.96-4.54H199.5c-8.56 0-15.5-6.94-15.5-15.5v-4.4c0-7.11 4.84-13.31 11.74-15.04l14.45-3.61c3.74-.94 7-3.23 9.14-6.44l8.08-12.11c2.87-4.31 7.71-6.9 12.89-6.9h24.21c8.56 0 15.5-6.94 15.5-15.5v-21.7C359.23 71.63 422.86 131.02 441.93 208H423.5c-8.56 0-15.5 6.94-15.5 15.5z\"><\/path><\/svg>\t\t\t\t<\/span>\n\t\t\t<\/div>\n\t\t\t\n\t\t\t\t\t\t<div class=\"elementor-icon-box-content\">\n\n\t\t\t\t\t\t\t\t\t<h3 class=\"elementor-icon-box-title\">\n\t\t\t\t\t\t<span  >\n\t\t\t\t\t\t\tCol\u00f2mbia\t\t\t\t\t\t<\/span>\n\t\t\t\t\t<\/h3>\n\t\t\t\t\n\t\t\t\t\n\t\t\t<\/div>\n\t\t\t\n\t\t<\/div>\n\t\t\t\t\t\t<\/div>\n\t\t\t\t<\/div>\n\t\t\t\t<\/div>\n\t\t<div class=\"elementor-element elementor-element-79695f83 e-con-full e-flex e-con e-child\" data-id=\"79695f83\" data-element_type=\"container\" data-e-type=\"container\" data-settings=\"{&quot;background_background&quot;:&quot;classic&quot;,&quot;jet_parallax_layout_list&quot;:[]}\">\n\t\t\t\t<div class=\"elementor-element elementor-element-46f5ae7 elementor-view-default elementor-position-block-start elementor-mobile-position-block-start elementor-widget elementor-widget-icon-box\" data-id=\"46f5ae7\" data-element_type=\"widget\" data-e-type=\"widget\" data-widget_type=\"icon-box.default\">\n\t\t\t\t<div class=\"elementor-widget-container\">\n\t\t\t\t\t\t\t<div class=\"elementor-icon-box-wrapper\">\n\n\t\t\t\t\t\t<div class=\"elementor-icon-box-icon\">\n\t\t\t\t<span  class=\"elementor-icon\">\n\t\t\t\t<svg aria-hidden=\"true\" class=\"e-font-icon-svg e-fas-plane\" viewBox=\"0 0 576 512\" xmlns=\"http:\/\/www.w3.org\/2000\/svg\"><path d=\"M480 192H365.71L260.61 8.06A16.014 16.014 0 0 0 246.71 0h-65.5c-10.63 0-18.3 10.17-15.38 20.39L214.86 192H112l-43.2-57.6c-3.02-4.03-7.77-6.4-12.8-6.4H16.01C5.6 128-2.04 137.78.49 147.88L32 256 .49 364.12C-2.04 374.22 5.6 384 16.01 384H56c5.04 0 9.78-2.37 12.8-6.4L112 320h102.86l-49.03 171.6c-2.92 10.22 4.75 20.4 15.38 20.4h65.5c5.74 0 11.04-3.08 13.89-8.06L365.71 320H480c35.35 0 96-28.65 96-64s-60.65-64-96-64z\"><\/path><\/svg>\t\t\t\t<\/span>\n\t\t\t<\/div>\n\t\t\t\n\t\t\t\t\t\t<div class=\"elementor-icon-box-content\">\n\n\t\t\t\t\t\t\t\t\t<h3 class=\"elementor-icon-box-title\">\n\t\t\t\t\t\t<span  >\n\t\t\t\t\t\t\tVols interns\t\t\t\t\t\t<\/span>\n\t\t\t\t\t<\/h3>\n\t\t\t\t\n\t\t\t\t\n\t\t\t<\/div>\n\t\t\t\n\t\t<\/div>\n\t\t\t\t\t\t<\/div>\n\t\t\t\t<\/div>\n\t\t\t\t<\/div>\n\t\t<div class=\"elementor-element elementor-element-752903d7 e-con-full e-flex e-con e-child\" data-id=\"752903d7\" data-element_type=\"container\" data-e-type=\"container\" data-settings=\"{&quot;background_background&quot;:&quot;classic&quot;,&quot;jet_parallax_layout_list&quot;:[]}\">\n\t\t\t\t<div class=\"elementor-element elementor-element-7291d693 elementor-view-default elementor-position-block-start elementor-mobile-position-block-start elementor-widget elementor-widget-icon-box\" data-id=\"7291d693\" data-element_type=\"widget\" data-e-type=\"widget\" data-widget_type=\"icon-box.default\">\n\t\t\t\t<div class=\"elementor-widget-container\">\n\t\t\t\t\t\t\t<div class=\"elementor-icon-box-wrapper\">\n\n\t\t\t\t\t\t<div class=\"elementor-icon-box-icon\">\n\t\t\t\t<span  class=\"elementor-icon\">\n\t\t\t\t<svg aria-hidden=\"true\" class=\"e-font-icon-svg e-fas-map-marked-alt\" viewBox=\"0 0 576 512\" xmlns=\"http:\/\/www.w3.org\/2000\/svg\"><path d=\"M288 0c-69.59 0-126 56.41-126 126 0 56.26 82.35 158.8 113.9 196.02 6.39 7.54 17.82 7.54 24.2 0C331.65 284.8 414 182.26 414 126 414 56.41 357.59 0 288 0zm0 168c-23.2 0-42-18.8-42-42s18.8-42 42-42 42 18.8 42 42-18.8 42-42 42zM20.12 215.95A32.006 32.006 0 0 0 0 245.66v250.32c0 11.32 11.43 19.06 21.94 14.86L160 448V214.92c-8.84-15.98-16.07-31.54-21.25-46.42L20.12 215.95zM288 359.67c-14.07 0-27.38-6.18-36.51-16.96-19.66-23.2-40.57-49.62-59.49-76.72v182l192 64V266c-18.92 27.09-39.82 53.52-59.49 76.72-9.13 10.77-22.44 16.95-36.51 16.95zm266.06-198.51L416 224v288l139.88-55.95A31.996 31.996 0 0 0 576 426.34V176.02c0-11.32-11.43-19.06-21.94-14.86z\"><\/path><\/svg>\t\t\t\t<\/span>\n\t\t\t<\/div>\n\t\t\t\n\t\t\t\t\t\t<div class=\"elementor-icon-box-content\">\n\n\t\t\t\t\t\t\t\t\t<h3 class=\"elementor-icon-box-title\">\n\t\t\t\t\t\t<span  >\n\t\t\t\t\t\t\tViatge de 12 nits\t\t\t\t\t\t<\/span>\n\t\t\t\t\t<\/h3>\n\t\t\t\t\n\t\t\t\t\n\t\t\t<\/div>\n\t\t\t\n\t\t<\/div>\n\t\t\t\t\t\t<\/div>\n\t\t\t\t<\/div>\n\t\t\t\t<\/div>\n\t\t\t\t\t<\/div>\n\t\t\t\t<\/div>\n\t\t<div class=\"elementor-element elementor-element-63101555 e-flex e-con-boxed e-con e-parent\" data-id=\"63101555\" data-element_type=\"container\" data-e-type=\"container\" data-settings=\"{&quot;jet_parallax_layout_list&quot;:[{&quot;jet_parallax_layout_image&quot;:{&quot;url&quot;:&quot;&quot;,&quot;id&quot;:&quot;&quot;,&quot;size&quot;:&quot;&quot;},&quot;_id&quot;:&quot;b0b005b&quot;,&quot;jet_parallax_layout_image_tablet&quot;:{&quot;url&quot;:&quot;&quot;,&quot;id&quot;:&quot;&quot;,&quot;size&quot;:&quot;&quot;},&quot;jet_parallax_layout_image_mobile&quot;:{&quot;url&quot;:&quot;&quot;,&quot;id&quot;:&quot;&quot;,&quot;size&quot;:&quot;&quot;},&quot;jet_parallax_layout_speed&quot;:{&quot;unit&quot;:&quot;%&quot;,&quot;size&quot;:50,&quot;sizes&quot;:[]},&quot;jet_parallax_layout_type&quot;:&quot;scroll&quot;,&quot;jet_parallax_layout_direction&quot;:&quot;1&quot;,&quot;jet_parallax_layout_fx_direction&quot;:null,&quot;jet_parallax_layout_z_index&quot;:&quot;&quot;,&quot;jet_parallax_layout_bg_x&quot;:50,&quot;jet_parallax_layout_bg_x_tablet&quot;:&quot;&quot;,&quot;jet_parallax_layout_bg_x_mobile&quot;:&quot;&quot;,&quot;jet_parallax_layout_bg_y&quot;:50,&quot;jet_parallax_layout_bg_y_tablet&quot;:&quot;&quot;,&quot;jet_parallax_layout_bg_y_mobile&quot;:&quot;&quot;,&quot;jet_parallax_layout_bg_size&quot;:&quot;auto&quot;,&quot;jet_parallax_layout_bg_size_tablet&quot;:&quot;&quot;,&quot;jet_parallax_layout_bg_size_mobile&quot;:&quot;&quot;,&quot;jet_parallax_layout_animation_prop&quot;:&quot;transform&quot;,&quot;jet_parallax_layout_on&quot;:[&quot;desktop&quot;,&quot;tablet&quot;]}]}\">\n\t\t\t\t\t<div class=\"e-con-inner\">\n\t\t<div class=\"elementor-element elementor-element-38e3e307 e-con-full e-flex e-con e-child\" data-id=\"38e3e307\" data-element_type=\"container\" data-e-type=\"container\" data-settings=\"{&quot;background_background&quot;:&quot;classic&quot;,&quot;jet_parallax_layout_list&quot;:[]}\">\n\t\t\t\t<div class=\"elementor-element elementor-element-1a8f442b elementor-view-default elementor-position-block-start elementor-mobile-position-block-start elementor-widget elementor-widget-icon-box\" data-id=\"1a8f442b\" data-element_type=\"widget\" data-e-type=\"widget\" data-widget_type=\"icon-box.default\">\n\t\t\t\t<div class=\"elementor-widget-container\">\n\t\t\t\t\t\t\t<div class=\"elementor-icon-box-wrapper\">\n\n\t\t\t\t\t\t<div class=\"elementor-icon-box-icon\">\n\t\t\t\t<span  class=\"elementor-icon\">\n\t\t\t\t<svg aria-hidden=\"true\" class=\"e-font-icon-svg e-fas-hotel\" viewBox=\"0 0 576 512\" xmlns=\"http:\/\/www.w3.org\/2000\/svg\"><path d=\"M560 64c8.84 0 16-7.16 16-16V16c0-8.84-7.16-16-16-16H16C7.16 0 0 7.16 0 16v32c0 8.84 7.16 16 16 16h15.98v384H16c-8.84 0-16 7.16-16 16v32c0 8.84 7.16 16 16 16h240v-80c0-8.8 7.2-16 16-16h32c8.8 0 16 7.2 16 16v80h240c8.84 0 16-7.16 16-16v-32c0-8.84-7.16-16-16-16h-16V64h16zm-304 44.8c0-6.4 6.4-12.8 12.8-12.8h38.4c6.4 0 12.8 6.4 12.8 12.8v38.4c0 6.4-6.4 12.8-12.8 12.8h-38.4c-6.4 0-12.8-6.4-12.8-12.8v-38.4zm0 96c0-6.4 6.4-12.8 12.8-12.8h38.4c6.4 0 12.8 6.4 12.8 12.8v38.4c0 6.4-6.4 12.8-12.8 12.8h-38.4c-6.4 0-12.8-6.4-12.8-12.8v-38.4zm-128-96c0-6.4 6.4-12.8 12.8-12.8h38.4c6.4 0 12.8 6.4 12.8 12.8v38.4c0 6.4-6.4 12.8-12.8 12.8h-38.4c-6.4 0-12.8-6.4-12.8-12.8v-38.4zM179.2 256h-38.4c-6.4 0-12.8-6.4-12.8-12.8v-38.4c0-6.4 6.4-12.8 12.8-12.8h38.4c6.4 0 12.8 6.4 12.8 12.8v38.4c0 6.4-6.4 12.8-12.8 12.8zM192 384c0-53.02 42.98-96 96-96s96 42.98 96 96H192zm256-140.8c0 6.4-6.4 12.8-12.8 12.8h-38.4c-6.4 0-12.8-6.4-12.8-12.8v-38.4c0-6.4 6.4-12.8 12.8-12.8h38.4c6.4 0 12.8 6.4 12.8 12.8v38.4zm0-96c0 6.4-6.4 12.8-12.8 12.8h-38.4c-6.4 0-12.8-6.4-12.8-12.8v-38.4c0-6.4 6.4-12.8 12.8-12.8h38.4c6.4 0 12.8 6.4 12.8 12.8v38.4z\"><\/path><\/svg>\t\t\t\t<\/span>\n\t\t\t<\/div>\n\t\t\t\n\t\t\t\t\t\t<div class=\"elementor-icon-box-content\">\n\n\t\t\t\t\t\t\t\t\t<h3 class=\"elementor-icon-box-title\">\n\t\t\t\t\t\t<span  >\n\t\t\t\t\t\t\tBogot\u00e0, Eje Cafetero, Cartagena de Indias i m\u00e9s\t\t\t\t\t\t<\/span>\n\t\t\t\t\t<\/h3>\n\t\t\t\t\n\t\t\t\t\n\t\t\t<\/div>\n\t\t\t\n\t\t<\/div>\n\t\t\t\t\t\t<\/div>\n\t\t\t\t<\/div>\n\t\t\t\t<\/div>\n\t\t<div class=\"elementor-element elementor-element-6c430e55 e-con-full e-flex e-con e-child\" data-id=\"6c430e55\" data-element_type=\"container\" data-e-type=\"container\" data-settings=\"{&quot;background_background&quot;:&quot;classic&quot;,&quot;jet_parallax_layout_list&quot;:[]}\">\n\t\t\t\t<div class=\"elementor-element elementor-element-5c1428fd elementor-view-default elementor-position-block-start elementor-mobile-position-block-start elementor-widget elementor-widget-icon-box\" data-id=\"5c1428fd\" data-element_type=\"widget\" data-e-type=\"widget\" data-widget_type=\"icon-box.default\">\n\t\t\t\t<div class=\"elementor-widget-container\">\n\t\t\t\t\t\t\t<div class=\"elementor-icon-box-wrapper\">\n\n\t\t\t\t\t\t<div class=\"elementor-icon-box-icon\">\n\t\t\t\t<span  class=\"elementor-icon\">\n\t\t\t\t<svg aria-hidden=\"true\" class=\"e-font-icon-svg e-far-grin-alt\" viewBox=\"0 0 496 512\" xmlns=\"http:\/\/www.w3.org\/2000\/svg\"><path d=\"M200.3 248c12.4-18.7 15.1-37.3 15.7-56-.5-18.7-3.3-37.3-15.7-56-8-12-25.1-11.4-32.7 0-12.4 18.7-15.1 37.3-15.7 56 .5 18.7 3.3 37.3 15.7 56 8.1 12 25.2 11.4 32.7 0zm128 0c12.4-18.7 15.1-37.3 15.7-56-.5-18.7-3.3-37.3-15.7-56-8-12-25.1-11.4-32.7 0-12.4 18.7-15.1 37.3-15.7 56 .5 18.7 3.3 37.3 15.7 56 8.1 12 25.2 11.4 32.7 0zM248 8C111 8 0 119 0 256s111 248 248 248 248-111 248-248S385 8 248 8zm0 448c-110.3 0-200-89.7-200-200S137.7 56 248 56s200 89.7 200 200-89.7 200-200 200zm105.6-151.4c-25.9 8.3-64.4 13.1-105.6 13.1s-79.6-4.8-105.6-13.1c-9.9-3.1-19.4 5.3-17.7 15.3 7.9 47.2 71.3 80 123.3 80s115.3-32.9 123.3-80c1.6-9.8-7.7-18.4-17.7-15.3z\"><\/path><\/svg>\t\t\t\t<\/span>\n\t\t\t<\/div>\n\t\t\t\n\t\t\t\t\t\t<div class=\"elementor-icon-box-content\">\n\n\t\t\t\t\t\t\t\t\t<h3 class=\"elementor-icon-box-title\">\n\t\t\t\t\t\t<span  >\n\t\t\t\t\t\t\tDe Desembre a Mar\u00e7\t\t\t\t\t\t<\/span>\n\t\t\t\t\t<\/h3>\n\t\t\t\t\n\t\t\t\t\n\t\t\t<\/div>\n\t\t\t\n\t\t<\/div>\n\t\t\t\t\t\t<\/div>\n\t\t\t\t<\/div>\n\t\t\t\t<\/div>\n\t\t<div class=\"elementor-element elementor-element-7f1e00a6 e-con-full e-flex e-con e-child\" data-id=\"7f1e00a6\" data-element_type=\"container\" data-e-type=\"container\" data-settings=\"{&quot;background_background&quot;:&quot;classic&quot;,&quot;jet_parallax_layout_list&quot;:[]}\">\n\t\t\t\t<div class=\"elementor-element elementor-element-20dc6ba2 elementor-view-default elementor-position-block-start elementor-mobile-position-block-start elementor-widget elementor-widget-icon-box\" data-id=\"20dc6ba2\" data-element_type=\"widget\" data-e-type=\"widget\" data-widget_type=\"icon-box.default\">\n\t\t\t\t<div class=\"elementor-widget-container\">\n\t\t\t\t\t\t\t<div class=\"elementor-icon-box-wrapper\">\n\n\t\t\t\t\t\t<div class=\"elementor-icon-box-icon\">\n\t\t\t\t<span  class=\"elementor-icon\">\n\t\t\t\t<svg aria-hidden=\"true\" class=\"e-font-icon-svg e-fas-cloud-showers-heavy\" viewBox=\"0 0 512 512\" xmlns=\"http:\/\/www.w3.org\/2000\/svg\"><path d=\"M183.9 370.1c-7.6-4.4-17.4-1.8-21.8 6l-64 112c-4.4 7.7-1.7 17.5 6 21.8 2.5 1.4 5.2 2.1 7.9 2.1 5.5 0 10.9-2.9 13.9-8.1l64-112c4.4-7.6 1.7-17.4-6-21.8zm96 0c-7.6-4.4-17.4-1.8-21.8 6l-64 112c-4.4 7.7-1.7 17.5 6 21.8 2.5 1.4 5.2 2.1 7.9 2.1 5.5 0 10.9-2.9 13.9-8.1l64-112c4.4-7.6 1.7-17.4-6-21.8zm-192 0c-7.6-4.4-17.4-1.8-21.8 6l-64 112c-4.4 7.7-1.7 17.5 6 21.8 2.5 1.4 5.2 2.1 7.9 2.1 5.5 0 10.9-2.9 13.9-8.1l64-112c4.4-7.6 1.7-17.4-6-21.8zm384 0c-7.6-4.4-17.4-1.8-21.8 6l-64 112c-4.4 7.7-1.7 17.5 6 21.8 2.5 1.4 5.2 2.1 7.9 2.1 5.5 0 10.9-2.9 13.9-8.1l64-112c4.4-7.6 1.7-17.4-6-21.8zm-96 0c-7.6-4.4-17.4-1.8-21.8 6l-64 112c-4.4 7.7-1.7 17.5 6 21.8 2.5 1.4 5.2 2.1 7.9 2.1 5.5 0 10.9-2.9 13.9-8.1l64-112c4.4-7.6 1.7-17.4-6-21.8zM416 128c-.6 0-1.1.2-1.6.2 1.1-5.2 1.6-10.6 1.6-16.2 0-44.2-35.8-80-80-80-24.6 0-46.3 11.3-61 28.8C256.4 24.8 219.3 0 176 0 114.2 0 64 50.1 64 112c0 7.3.8 14.3 2.1 21.2C27.8 145.8 0 181.5 0 224c0 53 43 96 96 96h320c53 0 96-43 96-96s-43-96-96-96z\"><\/path><\/svg>\t\t\t\t<\/span>\n\t\t\t<\/div>\n\t\t\t\n\t\t\t\t\t\t<div class=\"elementor-icon-box-content\">\n\n\t\t\t\t\t\t\t\t\t<h3 class=\"elementor-icon-box-title\">\n\t\t\t\t\t\t<span  >\n\t\t\t\t\t\t\tAbril, Maig, Octubre i Novembre\t\t\t\t\t\t<\/span>\n\t\t\t\t\t<\/h3>\n\t\t\t\t\n\t\t\t\t\n\t\t\t<\/div>\n\t\t\t\n\t\t<\/div>\n\t\t\t\t\t\t<\/div>\n\t\t\t\t<\/div>\n\t\t\t\t<\/div>\n\t\t\t\t\t<\/div>\n\t\t\t\t<\/div>\n\t\t<div class=\"elementor-element elementor-element-71fa7201 e-flex e-con-boxed e-con e-parent\" data-id=\"71fa7201\" data-element_type=\"container\" data-e-type=\"container\" data-settings=\"{&quot;jet_parallax_layout_list&quot;:[]}\">\n\t\t\t\t\t<div class=\"e-con-inner\">\n\t\t\t\t<div class=\"elementor-element elementor-element-50e8d07d elementor-widget elementor-widget-heading\" data-id=\"50e8d07d\" data-element_type=\"widget\" data-e-type=\"widget\" data-widget_type=\"heading.default\">\n\t\t\t\t<div class=\"elementor-widget-container\">\n\t\t\t\t\t<h2 class=\"elementor-heading-title elementor-size-default\">Itinerari<\/h2>\t\t\t\t<\/div>\n\t\t\t\t<\/div>\n\t\t\t\t<div class=\"elementor-element elementor-element-dc9440e elementor-widget elementor-widget-heading\" data-id=\"dc9440e\" data-element_type=\"widget\" data-e-type=\"widget\" data-widget_type=\"heading.default\">\n\t\t\t\t<div class=\"elementor-widget-container\">\n\t\t\t\t\t<p class=\"elementor-heading-title elementor-size-default\">DIA 1<\/p>\t\t\t\t<\/div>\n\t\t\t\t<\/div>\n\t\t\t\t<div class=\"elementor-element elementor-element-414a0742 elementor-widget elementor-widget-heading\" data-id=\"414a0742\" data-element_type=\"widget\" data-e-type=\"widget\" data-widget_type=\"heading.default\">\n\t\t\t\t<div class=\"elementor-widget-container\">\n\t\t\t\t\t<h3 class=\"elementor-heading-title elementor-size-default\">ARRIBADA A BOGOT\u00c0<\/h3>\t\t\t\t<\/div>\n\t\t\t\t<\/div>\n\t\t\t\t<div class=\"elementor-element elementor-element-22477a89 elementor-widget elementor-widget-text-editor\" data-id=\"22477a89\" data-element_type=\"widget\" data-e-type=\"widget\" data-widget_type=\"text-editor.default\">\n\t\t\t\t<div class=\"elementor-widget-container\">\n\t\t\t\t\t\t\t\t\t<p>Arribada a Bogot\u00e0, la capital de Col\u00f2mbia, i trasllat a l&#8217;hotel per descansar del llarg vol i aclimatar-se a l&#8217;al\u00e7ada.\u00a0<\/p>\t\t\t\t\t\t\t\t<\/div>\n\t\t\t\t<\/div>\n\t\t\t\t\t<\/div>\n\t\t\t\t<\/div>\n\t\t<div class=\"elementor-element elementor-element-12d64b8c e-flex e-con-boxed e-con e-parent\" data-id=\"12d64b8c\" data-element_type=\"container\" data-e-type=\"container\" data-settings=\"{&quot;jet_parallax_layout_list&quot;:[]}\">\n\t\t\t\t\t<div class=\"e-con-inner\">\n\t\t\t\t<div class=\"elementor-element elementor-element-6f220e1 elementor-widget elementor-widget-heading\" data-id=\"6f220e1\" data-element_type=\"widget\" data-e-type=\"widget\" data-widget_type=\"heading.default\">\n\t\t\t\t<div class=\"elementor-widget-container\">\n\t\t\t\t\t<p class=\"elementor-heading-title elementor-size-default\">DIA 2<\/p>\t\t\t\t<\/div>\n\t\t\t\t<\/div>\n\t\t\t\t<div class=\"elementor-element elementor-element-4e583e46 elementor-widget elementor-widget-heading\" data-id=\"4e583e46\" data-element_type=\"widget\" data-e-type=\"widget\" data-widget_type=\"heading.default\">\n\t\t\t\t<div class=\"elementor-widget-container\">\n\t\t\t\t\t<h3 class=\"elementor-heading-title elementor-size-default\">BOGOT\u00c0<\/h3>\t\t\t\t<\/div>\n\t\t\t\t<\/div>\n\t\t\t\t<div class=\"elementor-element elementor-element-10dde7a7 elementor-widget elementor-widget-text-editor\" data-id=\"10dde7a7\" data-element_type=\"widget\" data-e-type=\"widget\" data-widget_type=\"text-editor.default\">\n\t\t\t\t<div class=\"elementor-widget-container\">\n\t\t\t\t\t\t\t\t\t<p>Esmorzar a l&#8217;hotel i sortida cap a\u00a0Monserrate, el qual es troba a 3152 metres d\u2019altura sobre el nivell del mar. Es tracta d&#8217;un s\u00edmbol de la capital colombiana i s&#8217;hi pot pujar a peu a trav\u00e9s d&#8217;un cam\u00ed per vianants amb m\u00e9s de 1605 esgraons i nom\u00e9s apte per als m\u00e9s esportistes, o amb telef\u00e8ric i funicular. Des de dalt no nom\u00e9s gaudirem d&#8217;unes incre\u00efbles vistes panor\u00e0miques de la ciutat, sino que \u00e9s un important lloc religi\u00f3s on es troba l&#8217;hist\u00f2ric Santuario del Se\u00f1or Ca\u00eddo.\u00a0<\/p><p>En acabar aquesta visita es realitzar\u00e0 el tour panor\u00e0mic del barri de La Candelaria, el cor hist\u00f2ric, cultural i fundacional de Bogot\u00e0. Hi visitar\u00e0s la coneguda Pla\u00e7a de Bol\u00edvar, la Catedral, els exteriors del Capitolio Nacional, el Palau Li\u00e9vano i el Palau de Nari\u00f1o.<\/p><p>Tornada i allotjament a l\u2019hotel.<\/p>\t\t\t\t\t\t\t\t<\/div>\n\t\t\t\t<\/div>\n\t\t\t\t\t<\/div>\n\t\t\t\t<\/div>\n\t\t<div class=\"elementor-element elementor-element-29c7a374 e-flex e-con-boxed e-con e-parent\" data-id=\"29c7a374\" data-element_type=\"container\" data-e-type=\"container\" data-settings=\"{&quot;jet_parallax_layout_list&quot;:[]}\">\n\t\t\t\t\t<div class=\"e-con-inner\">\n\t\t\t\t<div class=\"elementor-element elementor-element-4b720998 elementor-widget elementor-widget-jet-image-accordion\" data-id=\"4b720998\" data-element_type=\"widget\" data-e-type=\"widget\" data-widget_type=\"jet-image-accordion.default\">\n\t\t\t\t<div class=\"elementor-widget-container\">\n\t\t\t\t\t<div class=\"elementor-jet-image-accordion jet-tabs-addons\"><div class=\"jet-image-accordion jet-image-accordion-vertical-orientation jet-image-accordion-circ-ease\" role=\"tablist\" data-settings=\"{&quot;orientation&quot;:&quot;vertical&quot;,&quot;activeSize&quot;:{&quot;unit&quot;:&quot;%&quot;,&quot;size&quot;:50,&quot;sizes&quot;:[]},&quot;duration&quot;:500,&quot;activeItem&quot;:-1}\">\n\t<div class=\"jet-image-accordion__list\">\n<div class=\"jet-image-accordion__item title-display-mode__on_hover\" role=\"tab\" aria-selected=\"false\" tabindex=\"0\">\n<img decoding=\"async\" class=\"jet-image-accordion__image-instance\" src=\"https:\/\/i0.wp.com\/viatgesvinolas.com\/wp-content\/uploads\/2021\/04\/bogota-palacio.jpg?fit=1600%2C922&#038;ssl=1\" alt=\"slider\">\n\t\n\t<div class=\"jet-image-accordion__content\">\n\t\t<\/div>\n\t<div class=\"jet-image-accordion__item-loader\"><span><\/span><\/div>\n<\/div>\n<div class=\"jet-image-accordion__item title-display-mode__on_hover\" role=\"tab\" aria-selected=\"false\" tabindex=\"0\">\n<img decoding=\"async\" class=\"jet-image-accordion__image-instance\" src=\"https:\/\/i0.wp.com\/viatgesvinolas.com\/wp-content\/uploads\/2025\/08\/palau-bogota-viatge-en-grup-colombia.jpg?fit=900%2C506&#038;ssl=1\" alt=\"palau-bogota-viatge-en-grup-colombia\">\n\t\n\t<div class=\"jet-image-accordion__content\">\n\t\t<\/div>\n\t<div class=\"jet-image-accordion__item-loader\"><span><\/span><\/div>\n<\/div>\n<div class=\"jet-image-accordion__item title-display-mode__on_hover\" role=\"tab\" aria-selected=\"false\" tabindex=\"0\">\n<img decoding=\"async\" class=\"jet-image-accordion__image-instance\" src=\"https:\/\/i0.wp.com\/viatgesvinolas.com\/wp-content\/uploads\/2025\/08\/vistes-bogota-nit-viatge-en-grup-colombia.jpg?fit=800%2C533&#038;ssl=1\" alt=\"vistes-bogota-nit-viatge-en-grup-colombia\">\n\t\n\t<div class=\"jet-image-accordion__content\">\n\t\t<\/div>\n\t<div class=\"jet-image-accordion__item-loader\"><span><\/span><\/div>\n<\/div>\n<\/div>\n<\/div>\n<\/div>\t\t\t\t<\/div>\n\t\t\t\t<\/div>\n\t\t\t\t\t<\/div>\n\t\t\t\t<\/div>\n\t\t<div class=\"elementor-element elementor-element-27bf0658 e-flex e-con-boxed e-con e-parent\" data-id=\"27bf0658\" data-element_type=\"container\" data-e-type=\"container\" data-settings=\"{&quot;jet_parallax_layout_list&quot;:[]}\">\n\t\t\t\t\t<div class=\"e-con-inner\">\n\t\t\t\t<div class=\"elementor-element elementor-element-dab6b7d elementor-widget elementor-widget-heading\" data-id=\"dab6b7d\" data-element_type=\"widget\" data-e-type=\"widget\" data-widget_type=\"heading.default\">\n\t\t\t\t<div class=\"elementor-widget-container\">\n\t\t\t\t\t<p class=\"elementor-heading-title elementor-size-default\">DIA 3<\/p>\t\t\t\t<\/div>\n\t\t\t\t<\/div>\n\t\t\t\t<div class=\"elementor-element elementor-element-1846e902 elementor-widget elementor-widget-heading\" data-id=\"1846e902\" data-element_type=\"widget\" data-e-type=\"widget\" data-widget_type=\"heading.default\">\n\t\t\t\t<div class=\"elementor-widget-container\">\n\t\t\t\t\t<h3 class=\"elementor-heading-title elementor-size-default\"><span>PEREIRA &amp; EJE CAFETERO<\/span><\/h3>\t\t\t\t<\/div>\n\t\t\t\t<\/div>\n\t\t\t\t<div class=\"elementor-element elementor-element-4fe825e3 elementor-widget elementor-widget-text-editor\" data-id=\"4fe825e3\" data-element_type=\"widget\" data-e-type=\"widget\" data-widget_type=\"text-editor.default\">\n\t\t\t\t<div class=\"elementor-widget-container\">\n\t\t\t\t\t\t\t\t\t<p>Esmorzar a l\u2019hotel i trasllat a l&#8217;aeroport de Bogot\u00e0 per agafar el vol que et dur\u00e0 a Pereira, la ciutat m\u00e9s poblada de l&#8217;Eje Cafetero.\u00a0<\/p><p>Trasllat a pocs minuts de la ciutat de Pereira per con\u00e8ixer una petita finca cafetera on, a trav\u00e9s dels seus propietaris, s&#8217;expressa la passi\u00f3 per produir, torrar i preparar el millor caf\u00e8 del m\u00f3n. Juntament amb un membre de la fam\u00edlia, recorrer\u00e0s el cultiu i coneixer\u00e0s els detalls del proc\u00e8s de producci\u00f3.\u00a0<\/p><p>Diferents sabors i formes de preparaci\u00f3 acompanyaran l&#8217;experi\u00e8ncia, estimulants els sentits, fins arribar al lloc on coneixer\u00e0s un mestre torrador, que t&#8217;explicar\u00e0 els detalls necessaris per aconseguir el punt de torrat adequat, on el caf\u00e8 colombi\u00e0 expressa els seus millors sabors i atributs. Aprendr\u00e0s sobre les tradicions de preparaci\u00f3 i gaudir\u00e0s d&#8217;una deliciosa tassa de caf\u00e8.\u00a0<\/p><p>Allotjament a hotel a Pereira.\u00a0<\/p>\t\t\t\t\t\t\t\t<\/div>\n\t\t\t\t<\/div>\n\t\t\t\t\t<\/div>\n\t\t\t\t<\/div>\n\t\t<div class=\"elementor-element elementor-element-31ac011f e-flex e-con-boxed e-con e-parent\" data-id=\"31ac011f\" data-element_type=\"container\" data-e-type=\"container\" data-settings=\"{&quot;jet_parallax_layout_list&quot;:[]}\">\n\t\t\t\t\t<div class=\"e-con-inner\">\n\t\t\t\t<div class=\"elementor-element elementor-element-4de1f2bc elementor-widget elementor-widget-jet-image-accordion\" data-id=\"4de1f2bc\" data-element_type=\"widget\" data-e-type=\"widget\" data-widget_type=\"jet-image-accordion.default\">\n\t\t\t\t<div class=\"elementor-widget-container\">\n\t\t\t\t\t<div class=\"elementor-jet-image-accordion jet-tabs-addons\"><div class=\"jet-image-accordion jet-image-accordion-vertical-orientation jet-image-accordion-circ-ease\" role=\"tablist\" data-settings=\"{&quot;orientation&quot;:&quot;vertical&quot;,&quot;activeSize&quot;:{&quot;unit&quot;:&quot;%&quot;,&quot;size&quot;:50,&quot;sizes&quot;:[]},&quot;duration&quot;:500,&quot;activeItem&quot;:-1}\">\n\t<div class=\"jet-image-accordion__list\">\n<div class=\"jet-image-accordion__item title-display-mode__on_hover\" role=\"tab\" aria-selected=\"false\" tabindex=\"0\">\n<img decoding=\"async\" class=\"jet-image-accordion__image-instance\" src=\"https:\/\/i0.wp.com\/viatgesvinolas.com\/wp-content\/uploads\/2026\/02\/pereira-eje-cafetero-viatge-colombia-viatges-vinolas.jpg?fit=900%2C506&#038;ssl=1\" alt=\"pereira-eje-cafetero-viatge-colombia-viatges-vinolas\">\n\t\n\t<div class=\"jet-image-accordion__content\">\n\t\t<\/div>\n\t<div class=\"jet-image-accordion__item-loader\"><span><\/span><\/div>\n<\/div>\n<div class=\"jet-image-accordion__item title-display-mode__on_hover\" role=\"tab\" aria-selected=\"false\" tabindex=\"0\">\n<img decoding=\"async\" class=\"jet-image-accordion__image-instance\" src=\"https:\/\/i0.wp.com\/viatgesvinolas.com\/wp-content\/uploads\/2025\/04\/planta-cafe-uganda-viatges-vinolas.jpg?fit=800%2C533&#038;ssl=1\" alt=\"planta-cafe-viatges-vinolas\">\n\t\n\t<div class=\"jet-image-accordion__content\">\n\t\t<\/div>\n\t<div class=\"jet-image-accordion__item-loader\"><span><\/span><\/div>\n<\/div>\n<div class=\"jet-image-accordion__item title-display-mode__on_hover\" role=\"tab\" aria-selected=\"false\" tabindex=\"0\">\n<img decoding=\"async\" class=\"jet-image-accordion__image-instance\" src=\"https:\/\/i0.wp.com\/viatgesvinolas.com\/wp-content\/uploads\/2026\/02\/cafe-eje-cafetero-viatge-colombia-viatges-vinolas.jpg?fit=750%2C500&#038;ssl=1\" alt=\"cafe-eje-cafetero-viatge-colombia-viatges-vinolas\">\n\t\n\t<div class=\"jet-image-accordion__content\">\n\t\t<\/div>\n\t<div class=\"jet-image-accordion__item-loader\"><span><\/span><\/div>\n<\/div>\n<\/div>\n<\/div>\n<\/div>\t\t\t\t<\/div>\n\t\t\t\t<\/div>\n\t\t\t\t\t<\/div>\n\t\t\t\t<\/div>\n\t\t<div class=\"elementor-element elementor-element-3ac1e159 e-flex e-con-boxed e-con e-parent\" data-id=\"3ac1e159\" data-element_type=\"container\" data-e-type=\"container\" data-settings=\"{&quot;jet_parallax_layout_list&quot;:[]}\">\n\t\t\t\t\t<div class=\"e-con-inner\">\n\t\t\t\t<div class=\"elementor-element elementor-element-40ba9443 elementor-widget elementor-widget-heading\" data-id=\"40ba9443\" data-element_type=\"widget\" data-e-type=\"widget\" data-widget_type=\"heading.default\">\n\t\t\t\t<div class=\"elementor-widget-container\">\n\t\t\t\t\t<p class=\"elementor-heading-title elementor-size-default\">DIA 4<\/p>\t\t\t\t<\/div>\n\t\t\t\t<\/div>\n\t\t\t\t<div class=\"elementor-element elementor-element-665acc2 elementor-widget elementor-widget-heading\" data-id=\"665acc2\" data-element_type=\"widget\" data-e-type=\"widget\" data-widget_type=\"heading.default\">\n\t\t\t\t<div class=\"elementor-widget-container\">\n\t\t\t\t\t<h3 class=\"elementor-heading-title elementor-size-default\">SALENTO, VALLE DEL COCORA &amp; FIL\u00c0NDIA<\/h3>\t\t\t\t<\/div>\n\t\t\t\t<\/div>\n\t\t\t\t<div class=\"elementor-element elementor-element-78c81102 elementor-widget elementor-widget-text-editor\" data-id=\"78c81102\" data-element_type=\"widget\" data-e-type=\"widget\" data-widget_type=\"text-editor.default\">\n\t\t\t\t<div class=\"elementor-widget-container\">\n\t\t\t\t\t\t\t\t\t<p>Esmorzar a l&#8217;hotel i trasllat cap al departament de Quind\u00edo per caminar entre les palmeres m\u00e9s altes del planeta, les palmeres de cera, a la Vall del Cocora on tamb\u00e9 hi descobrir\u00e0s els misteriosos boscos de boira.\u00a0 Tan ric \u00e9s el paisatge cultural cafeter com infinits s\u00f3n els seus contrastos, i aquesta experi\u00e8ncia ho demostra.\u00a0<\/p><p>En aquest recorregut, l\u2019arquitectura en entorns rurals es converteix en protagonista per la seva autenticitat i singularitat. Visita a Salento per con\u00e8ixer de prop la seva arquitectura, amb les formes i els colors vius de les cases del carrer principal, fins arribar al mirador del poble.<\/p><p>Despr\u00e9s d\u2019un dinar de cuina tradicional, sortida cap al municipi de Filandia, on es recorren els principals carrers del poble observant les formes i els colors de les construccions tradicionals de bahareque, visitant miradors naturals i el centre d\u2019interpretaci\u00f3 \u00abDe la planta a la cistella\u00bb, per con\u00e8ixer l\u2019artesania elaborada amb fibres vegetals, que dona origen a la cistelleria tradicional.<\/p><p>En finalitzar el dia, es realitza el trasllat a l\u2019hotel a Pereira.<\/p>\t\t\t\t\t\t\t\t<\/div>\n\t\t\t\t<\/div>\n\t\t\t\t\t<\/div>\n\t\t\t\t<\/div>\n\t\t<div class=\"elementor-element elementor-element-76a57cad e-flex e-con-boxed e-con e-parent\" data-id=\"76a57cad\" data-element_type=\"container\" data-e-type=\"container\" data-settings=\"{&quot;jet_parallax_layout_list&quot;:[]}\">\n\t\t\t\t\t<div class=\"e-con-inner\">\n\t\t\t\t<div class=\"elementor-element elementor-element-3d77010e elementor-widget elementor-widget-jet-image-accordion\" data-id=\"3d77010e\" data-element_type=\"widget\" data-e-type=\"widget\" data-widget_type=\"jet-image-accordion.default\">\n\t\t\t\t<div class=\"elementor-widget-container\">\n\t\t\t\t\t<div class=\"elementor-jet-image-accordion jet-tabs-addons\"><div class=\"jet-image-accordion jet-image-accordion-vertical-orientation jet-image-accordion-circ-ease\" role=\"tablist\" data-settings=\"{&quot;orientation&quot;:&quot;vertical&quot;,&quot;activeSize&quot;:{&quot;unit&quot;:&quot;%&quot;,&quot;size&quot;:50,&quot;sizes&quot;:[]},&quot;duration&quot;:500,&quot;activeItem&quot;:-1}\">\n\t<div class=\"jet-image-accordion__list\">\n<div class=\"jet-image-accordion__item title-display-mode__on_hover\" role=\"tab\" aria-selected=\"false\" tabindex=\"0\">\n<img decoding=\"async\" class=\"jet-image-accordion__image-instance\" src=\"https:\/\/i0.wp.com\/viatgesvinolas.com\/wp-content\/uploads\/2025\/08\/salento-viatge-en-grup-colombia.jpg?fit=800%2C533&#038;ssl=1\" alt=\"salento-viatge-en-grup-colombia\">\n\t\n\t<div class=\"jet-image-accordion__content\">\n\t\t<\/div>\n\t<div class=\"jet-image-accordion__item-loader\"><span><\/span><\/div>\n<\/div>\n<div class=\"jet-image-accordion__item title-display-mode__on_hover\" role=\"tab\" aria-selected=\"false\" tabindex=\"0\">\n<img decoding=\"async\" class=\"jet-image-accordion__image-instance\" src=\"https:\/\/i0.wp.com\/viatgesvinolas.com\/wp-content\/uploads\/2025\/08\/valle-cocora-viatge-en-grup-colombia.jpg?fit=800%2C533&#038;ssl=1\" alt=\"valle-cocora-viatge-en-grup-colombia\">\n\t\n\t<div class=\"jet-image-accordion__content\">\n\t\t<\/div>\n\t<div class=\"jet-image-accordion__item-loader\"><span><\/span><\/div>\n<\/div>\n<div class=\"jet-image-accordion__item title-display-mode__on_hover\" role=\"tab\" aria-selected=\"false\" tabindex=\"0\">\n<img decoding=\"async\" class=\"jet-image-accordion__image-instance\" src=\"https:\/\/i0.wp.com\/viatgesvinolas.com\/wp-content\/uploads\/2025\/08\/filandia-viatge-en-grup-colombia.jpg?fit=800%2C450&#038;ssl=1\" alt=\"filandia-viatge-en-grup-colombia\">\n\t\n\t<div class=\"jet-image-accordion__content\">\n\t\t<\/div>\n\t<div class=\"jet-image-accordion__item-loader\"><span><\/span><\/div>\n<\/div>\n<\/div>\n<\/div>\n<\/div>\t\t\t\t<\/div>\n\t\t\t\t<\/div>\n\t\t\t\t\t<\/div>\n\t\t\t\t<\/div>\n\t\t<div class=\"elementor-element elementor-element-3a21227e e-flex e-con-boxed e-con e-parent\" data-id=\"3a21227e\" data-element_type=\"container\" data-e-type=\"container\" data-settings=\"{&quot;jet_parallax_layout_list&quot;:[]}\">\n\t\t\t\t\t<div class=\"e-con-inner\">\n\t\t\t\t<div class=\"elementor-element elementor-element-401570fa elementor-widget elementor-widget-heading\" data-id=\"401570fa\" data-element_type=\"widget\" data-e-type=\"widget\" data-widget_type=\"heading.default\">\n\t\t\t\t<div class=\"elementor-widget-container\">\n\t\t\t\t\t<p class=\"elementor-heading-title elementor-size-default\">DIA 5<\/p>\t\t\t\t<\/div>\n\t\t\t\t<\/div>\n\t\t\t\t<div class=\"elementor-element elementor-element-1c7812ff elementor-widget elementor-widget-heading\" data-id=\"1c7812ff\" data-element_type=\"widget\" data-e-type=\"widget\" data-widget_type=\"heading.default\">\n\t\t\t\t<div class=\"elementor-widget-container\">\n\t\t\t\t\t<h3 class=\"elementor-heading-title elementor-size-default\">TOUR DE XOCOLATA I FRUITES A MARSELLA<\/h3>\t\t\t\t<\/div>\n\t\t\t\t<\/div>\n\t\t\t\t<div class=\"elementor-element elementor-element-4152faaa elementor-widget elementor-widget-text-editor\" data-id=\"4152faaa\" data-element_type=\"widget\" data-e-type=\"widget\" data-widget_type=\"text-editor.default\">\n\t\t\t\t<div class=\"elementor-widget-container\">\n\t\t\t\t\t\t\t\t\t<p>Esmorzar a l\u2019hotel.<\/p><p>Marsella \u00e9s un dels municipis m\u00e9s bells del Paisatge Cultural Cafeter, amb fascinants paisatges de muntanya que s\u2019observen des del seu carrer. Podr\u00e0s admirar l\u2019arquitectura de la pla\u00e7a, la seva imponent casa de la cultura i les colorides cases. Et portarem a terres cafeteres, amb miradors que semblen postals, per descobrir entre el verd d\u2019aquestes muntanyes, el gust de les fruites juntament amb la xocolata org\u00e0nica.<\/p><p>Caminar\u00e0s entre els arbres de cacau, sentir\u00e0s el gust dol\u00e7 del muc\u00edlag a la boca i el combinar\u00e0s amb taronges, mandarines i plantes arom\u00e0tiques. Dinar\u00e0s a la finca amb el sa\u00f3 del camp i formar\u00e0s part del proc\u00e9s d&#8217;elaboraci\u00f3 de la xocolata, agafant les llavors, torrant-les i fonent-les per obtenir una deliciosa crema de cacau, amb la que podr\u00e0s preparar el teu dol\u00e7 o beguda preferida.<\/p><p>A la tornada, recorregut pel poble amb l\u2019oportunitat de gaudir d\u2019una posta de sol cafetera. Allotjament a l&#8217;hotel de Pereira.<\/p>\t\t\t\t\t\t\t\t<\/div>\n\t\t\t\t<\/div>\n\t\t\t\t\t<\/div>\n\t\t\t\t<\/div>\n\t\t<div class=\"elementor-element elementor-element-4932f536 e-flex e-con-boxed e-con e-parent\" data-id=\"4932f536\" data-element_type=\"container\" data-e-type=\"container\" data-settings=\"{&quot;jet_parallax_layout_list&quot;:[]}\">\n\t\t\t\t\t<div class=\"e-con-inner\">\n\t\t\t\t<div class=\"elementor-element elementor-element-12ce97e elementor-widget elementor-widget-jet-image-accordion\" data-id=\"12ce97e\" data-element_type=\"widget\" data-e-type=\"widget\" data-widget_type=\"jet-image-accordion.default\">\n\t\t\t\t<div class=\"elementor-widget-container\">\n\t\t\t\t\t<div class=\"elementor-jet-image-accordion jet-tabs-addons\"><div class=\"jet-image-accordion jet-image-accordion-vertical-orientation jet-image-accordion-circ-ease\" role=\"tablist\" data-settings=\"{&quot;orientation&quot;:&quot;vertical&quot;,&quot;activeSize&quot;:{&quot;unit&quot;:&quot;%&quot;,&quot;size&quot;:50,&quot;sizes&quot;:[]},&quot;duration&quot;:500,&quot;activeItem&quot;:-1}\">\n\t<div class=\"jet-image-accordion__list\">\n<div class=\"jet-image-accordion__item title-display-mode__on_hover\" role=\"tab\" aria-selected=\"false\" tabindex=\"0\">\n<img decoding=\"async\" class=\"jet-image-accordion__image-instance\" src=\"https:\/\/i0.wp.com\/viatgesvinolas.com\/wp-content\/uploads\/2026\/02\/finca-xocolata-eje-cafetero-viatge-colombia-viatges-vinolas.jpg?fit=800%2C532&#038;ssl=1\" alt=\"finca-xocolata-eje-cafetero-viatge-colombia-viatges-vinolas\">\n\t\n\t<div class=\"jet-image-accordion__content\">\n\t\t<\/div>\n\t<div class=\"jet-image-accordion__item-loader\"><span><\/span><\/div>\n<\/div>\n<div class=\"jet-image-accordion__item title-display-mode__on_hover\" role=\"tab\" aria-selected=\"false\" tabindex=\"0\">\n<img decoding=\"async\" class=\"jet-image-accordion__image-instance\" src=\"https:\/\/i0.wp.com\/viatgesvinolas.com\/wp-content\/uploads\/2026\/02\/xocolata-eje-cafetero-viatge-colombia-viatges-vinolas.jpg?fit=900%2C600&#038;ssl=1\" alt=\"xocolata-eje-cafetero-viatge-colombia-viatges-vinolas\">\n\t\n\t<div class=\"jet-image-accordion__content\">\n\t\t<\/div>\n\t<div class=\"jet-image-accordion__item-loader\"><span><\/span><\/div>\n<\/div>\n<div class=\"jet-image-accordion__item title-display-mode__on_hover\" role=\"tab\" aria-selected=\"false\" tabindex=\"0\">\n<img decoding=\"async\" class=\"jet-image-accordion__image-instance\" src=\"https:\/\/i0.wp.com\/viatgesvinolas.com\/wp-content\/uploads\/2026\/02\/eje-cafetero-viatge-colombia-viatges-vinolas.jpg?fit=900%2C600&#038;ssl=1\" alt=\"eje-cafetero-viatge-colombia-viatges-vinolas\">\n\t\n\t<div class=\"jet-image-accordion__content\">\n\t\t<\/div>\n\t<div class=\"jet-image-accordion__item-loader\"><span><\/span><\/div>\n<\/div>\n<\/div>\n<\/div>\n<\/div>\t\t\t\t<\/div>\n\t\t\t\t<\/div>\n\t\t\t\t\t<\/div>\n\t\t\t\t<\/div>\n\t\t<div class=\"elementor-element elementor-element-32618119 e-flex e-con-boxed e-con e-parent\" data-id=\"32618119\" data-element_type=\"container\" data-e-type=\"container\" data-settings=\"{&quot;jet_parallax_layout_list&quot;:[]}\">\n\t\t\t\t\t<div class=\"e-con-inner\">\n\t\t\t\t<div class=\"elementor-element elementor-element-1c018660 elementor-widget elementor-widget-heading\" data-id=\"1c018660\" data-element_type=\"widget\" data-e-type=\"widget\" data-widget_type=\"heading.default\">\n\t\t\t\t<div class=\"elementor-widget-container\">\n\t\t\t\t\t<p class=\"elementor-heading-title elementor-size-default\">DIA 6<\/p>\t\t\t\t<\/div>\n\t\t\t\t<\/div>\n\t\t\t\t<div class=\"elementor-element elementor-element-61c14b88 elementor-widget elementor-widget-heading\" data-id=\"61c14b88\" data-element_type=\"widget\" data-e-type=\"widget\" data-widget_type=\"heading.default\">\n\t\t\t\t<div class=\"elementor-widget-container\">\n\t\t\t\t\t<h3 class=\"elementor-heading-title elementor-size-default\">PEREIRA \u2192 MEDELL\u00cdN<\/h3>\t\t\t\t<\/div>\n\t\t\t\t<\/div>\n\t\t\t\t<div class=\"elementor-element elementor-element-2ddebc8d elementor-widget elementor-widget-text-editor\" data-id=\"2ddebc8d\" data-element_type=\"widget\" data-e-type=\"widget\" data-widget_type=\"text-editor.default\">\n\t\t\t\t<div class=\"elementor-widget-container\">\n\t\t\t\t\t\t\t\t\t<p>Esmorzar a l\u2019hotel i trasllat a l&#8217;aeroport de Pereira per agafar un vol fins a Medell\u00edn, la coneguda com a ciutat de l&#8217;eterna primavera.\u00a0<\/p><p>Avui visitar\u00e0s la pedra del Pe\u00f1ol*, de 220 metres d&#8217;al\u00e7ada, en un recorregut d&#8217;aproximadament 2 hores. 720 escales son el sacrifici a fer per arribar al seu cim i quedar meravella&#8217;t amb les seves precioses vistes.<\/p><p>Allotjament a un hotel a Medell\u00edn.<\/p><p>*La pujada a la pedra no es recomana a persones amb mobilitat redu\u00efda, problemes respiratoris, gent gran i menors de 5 anys.<\/p>\t\t\t\t\t\t\t\t<\/div>\n\t\t\t\t<\/div>\n\t\t\t\t\t<\/div>\n\t\t\t\t<\/div>\n\t\t<div class=\"elementor-element elementor-element-8d0b12b e-flex e-con-boxed e-con e-parent\" data-id=\"8d0b12b\" data-element_type=\"container\" data-e-type=\"container\" data-settings=\"{&quot;jet_parallax_layout_list&quot;:[]}\">\n\t\t\t\t\t<div class=\"e-con-inner\">\n\t\t\t\t<div class=\"elementor-element elementor-element-44a6ac5f elementor-widget elementor-widget-jet-image-accordion\" data-id=\"44a6ac5f\" data-element_type=\"widget\" data-e-type=\"widget\" data-widget_type=\"jet-image-accordion.default\">\n\t\t\t\t<div class=\"elementor-widget-container\">\n\t\t\t\t\t<div class=\"elementor-jet-image-accordion jet-tabs-addons\"><div class=\"jet-image-accordion jet-image-accordion-vertical-orientation jet-image-accordion-circ-ease\" role=\"tablist\" data-settings=\"{&quot;orientation&quot;:&quot;vertical&quot;,&quot;activeSize&quot;:{&quot;unit&quot;:&quot;%&quot;,&quot;size&quot;:50,&quot;sizes&quot;:[]},&quot;duration&quot;:500,&quot;activeItem&quot;:-1}\">\n\t<div class=\"jet-image-accordion__list\">\n<div class=\"jet-image-accordion__item title-display-mode__on_hover\" role=\"tab\" aria-selected=\"false\" tabindex=\"0\">\n<img decoding=\"async\" class=\"jet-image-accordion__image-instance\" src=\"https:\/\/i0.wp.com\/viatgesvinolas.com\/wp-content\/uploads\/2025\/08\/medellin-viatge-en-grup-colombia.jpg?fit=900%2C506&#038;ssl=1\" alt=\"medellin-viatge-en-grup-colombia\">\n\t\n\t<div class=\"jet-image-accordion__content\">\n\t\t<\/div>\n\t<div class=\"jet-image-accordion__item-loader\"><span><\/span><\/div>\n<\/div>\n<div class=\"jet-image-accordion__item title-display-mode__on_hover\" role=\"tab\" aria-selected=\"false\" tabindex=\"0\">\n<img decoding=\"async\" class=\"jet-image-accordion__image-instance\" src=\"https:\/\/i0.wp.com\/viatgesvinolas.com\/wp-content\/uploads\/2026\/02\/penol-vistes-medellin-viatge-colombia-viatges-vinolas.jpg?fit=900%2C600&#038;ssl=1\" alt=\"pe\u00f1ol-vistes-medellin-viatge-colombia-viatges-vinolas\">\n\t\n\t<div class=\"jet-image-accordion__content\">\n\t\t<\/div>\n\t<div class=\"jet-image-accordion__item-loader\"><span><\/span><\/div>\n<\/div>\n<div class=\"jet-image-accordion__item title-display-mode__on_hover\" role=\"tab\" aria-selected=\"false\" tabindex=\"0\">\n<img decoding=\"async\" class=\"jet-image-accordion__image-instance\" src=\"https:\/\/i0.wp.com\/viatgesvinolas.com\/wp-content\/uploads\/2026\/02\/penol-medellin-viatge-colombia-viatges-vinolas.jpg?fit=850%2C567&#038;ssl=1\" alt=\"pe\u00f1ol-medellin-viatge-colombia-viatges-vinolas\">\n\t\n\t<div class=\"jet-image-accordion__content\">\n\t\t<\/div>\n\t<div class=\"jet-image-accordion__item-loader\"><span><\/span><\/div>\n<\/div>\n<\/div>\n<\/div>\n<\/div>\t\t\t\t<\/div>\n\t\t\t\t<\/div>\n\t\t\t\t\t<\/div>\n\t\t\t\t<\/div>\n\t\t<div class=\"elementor-element elementor-element-e10dbb0 e-flex e-con-boxed e-con e-parent\" data-id=\"e10dbb0\" data-element_type=\"container\" data-e-type=\"container\" data-settings=\"{&quot;jet_parallax_layout_list&quot;:[]}\">\n\t\t\t\t\t<div class=\"e-con-inner\">\n\t\t\t\t<div class=\"elementor-element elementor-element-b49385e elementor-widget elementor-widget-heading\" data-id=\"b49385e\" data-element_type=\"widget\" data-e-type=\"widget\" data-widget_type=\"heading.default\">\n\t\t\t\t<div class=\"elementor-widget-container\">\n\t\t\t\t\t<p class=\"elementor-heading-title elementor-size-default\">DIA 7<\/p>\t\t\t\t<\/div>\n\t\t\t\t<\/div>\n\t\t\t\t<div class=\"elementor-element elementor-element-af39683 elementor-widget elementor-widget-heading\" data-id=\"af39683\" data-element_type=\"widget\" data-e-type=\"widget\" data-widget_type=\"heading.default\">\n\t\t\t\t<div class=\"elementor-widget-container\">\n\t\t\t\t\t<h3 class=\"elementor-heading-title elementor-size-default\">MEDELL\u00cdN<\/h3>\t\t\t\t<\/div>\n\t\t\t\t<\/div>\n\t\t\t\t<div class=\"elementor-element elementor-element-b7bb298 elementor-widget elementor-widget-text-editor\" data-id=\"b7bb298\" data-element_type=\"widget\" data-e-type=\"widget\" data-widget_type=\"text-editor.default\">\n\t\t\t\t<div class=\"elementor-widget-container\">\n\t\t\t\t\t\t\t\t\t<p>Esmorzar a l\u2019hotel. Avui far\u00e0s dues visites que et permetr\u00e0n con\u00e8ixer l&#8217;ess\u00e8ncia de Medell\u00edn, la de la Comuna 13 i un city tour per la ciutat.\u00a0<\/p><p>La Comuna 13 \u00e9s un referent mundial de transformaci\u00f3 social i urbana, passant de ser una zona relacionada amb la viol\u00e8ncia extrema a un vibrant dest\u00ed tur\u00edstic. Durant el tour amb un guia nadiu descobrir\u00e0s com l&#8217;art i la cultura s&#8217;han unit a la comuna per mostrar les meravelles d&#8217;aquesta transformaci\u00f3 social.<\/p><p>Despr\u00e9s de dinar, tour per la ciutat de Medell\u00edn, que et seduir\u00e0 amb els seus grafitis, escultures del gran Botero i el seu esperit vanguardista.\u00a0<\/p><p>Allotjament a l&#8217;hotel de Medell\u00edn.\u00a0<\/p>\t\t\t\t\t\t\t\t<\/div>\n\t\t\t\t<\/div>\n\t\t\t\t\t<\/div>\n\t\t\t\t<\/div>\n\t\t<div class=\"elementor-element elementor-element-146adc8 e-flex e-con-boxed e-con e-parent\" data-id=\"146adc8\" data-element_type=\"container\" data-e-type=\"container\" data-settings=\"{&quot;jet_parallax_layout_list&quot;:[]}\">\n\t\t\t\t\t<div class=\"e-con-inner\">\n\t\t\t\t<div class=\"elementor-element elementor-element-35a2c73 elementor-widget elementor-widget-jet-image-accordion\" data-id=\"35a2c73\" data-element_type=\"widget\" data-e-type=\"widget\" data-widget_type=\"jet-image-accordion.default\">\n\t\t\t\t<div class=\"elementor-widget-container\">\n\t\t\t\t\t<div class=\"elementor-jet-image-accordion jet-tabs-addons\"><div class=\"jet-image-accordion jet-image-accordion-vertical-orientation jet-image-accordion-circ-ease\" role=\"tablist\" data-settings=\"{&quot;orientation&quot;:&quot;vertical&quot;,&quot;activeSize&quot;:{&quot;unit&quot;:&quot;%&quot;,&quot;size&quot;:50,&quot;sizes&quot;:[]},&quot;duration&quot;:500,&quot;activeItem&quot;:-1}\">\n\t<div class=\"jet-image-accordion__list\">\n<div class=\"jet-image-accordion__item title-display-mode__on_hover\" role=\"tab\" aria-selected=\"false\" tabindex=\"0\">\n<img decoding=\"async\" class=\"jet-image-accordion__image-instance\" src=\"https:\/\/i0.wp.com\/viatgesvinolas.com\/wp-content\/uploads\/2026\/02\/comuna-13-medellin-viatge-colombia-viatges-vinolas.jpg?fit=700%2C560&#038;ssl=1\" alt=\"comuna-13-medellin-viatge-colombia-viatges-vinolas\">\n\t\n\t<div class=\"jet-image-accordion__content\">\n\t\t<\/div>\n\t<div class=\"jet-image-accordion__item-loader\"><span><\/span><\/div>\n<\/div>\n<div class=\"jet-image-accordion__item title-display-mode__on_hover\" role=\"tab\" aria-selected=\"false\" tabindex=\"0\">\n<img decoding=\"async\" class=\"jet-image-accordion__image-instance\" src=\"https:\/\/i0.wp.com\/viatgesvinolas.com\/wp-content\/uploads\/2026\/02\/botiga-medellin-viatge-colombia-viatges-vinolas.jpg?fit=900%2C600&#038;ssl=1\" alt=\"botiga-medellin-viatge-colombia-viatges-vinolas\">\n\t\n\t<div class=\"jet-image-accordion__content\">\n\t\t<\/div>\n\t<div class=\"jet-image-accordion__item-loader\"><span><\/span><\/div>\n<\/div>\n<div class=\"jet-image-accordion__item title-display-mode__on_hover\" role=\"tab\" aria-selected=\"false\" tabindex=\"0\">\n<img decoding=\"async\" class=\"jet-image-accordion__image-instance\" src=\"https:\/\/i0.wp.com\/viatgesvinolas.com\/wp-content\/uploads\/2026\/02\/escultura-botero-medellin-viatge-colombia-viatges-vinolas.jpg?fit=800%2C600&#038;ssl=1\" alt=\"escultura-botero-medellin-viatge-colombia-viatges-vinolas\">\n\t\n\t<div class=\"jet-image-accordion__content\">\n\t\t<\/div>\n\t<div class=\"jet-image-accordion__item-loader\"><span><\/span><\/div>\n<\/div>\n<\/div>\n<\/div>\n<\/div>\t\t\t\t<\/div>\n\t\t\t\t<\/div>\n\t\t\t\t\t<\/div>\n\t\t\t\t<\/div>\n\t\t<div class=\"elementor-element elementor-element-f333cb2 e-flex e-con-boxed e-con e-parent\" data-id=\"f333cb2\" data-element_type=\"container\" data-e-type=\"container\" data-settings=\"{&quot;jet_parallax_layout_list&quot;:[]}\">\n\t\t\t\t\t<div class=\"e-con-inner\">\n\t\t\t\t<div class=\"elementor-element elementor-element-ebaa068 elementor-widget elementor-widget-heading\" data-id=\"ebaa068\" data-element_type=\"widget\" data-e-type=\"widget\" data-widget_type=\"heading.default\">\n\t\t\t\t<div class=\"elementor-widget-container\">\n\t\t\t\t\t<p class=\"elementor-heading-title elementor-size-default\">DIA 8<\/p>\t\t\t\t<\/div>\n\t\t\t\t<\/div>\n\t\t\t\t<div class=\"elementor-element elementor-element-11969c3 elementor-widget elementor-widget-heading\" data-id=\"11969c3\" data-element_type=\"widget\" data-e-type=\"widget\" data-widget_type=\"heading.default\">\n\t\t\t\t<div class=\"elementor-widget-container\">\n\t\t\t\t\t<h3 class=\"elementor-heading-title elementor-size-default\">MEDELL\u00cdN \u2192 SANTA MARTA<\/h3>\t\t\t\t<\/div>\n\t\t\t\t<\/div>\n\t\t\t\t<div class=\"elementor-element elementor-element-3e15639 elementor-widget elementor-widget-text-editor\" data-id=\"3e15639\" data-element_type=\"widget\" data-e-type=\"widget\" data-widget_type=\"text-editor.default\">\n\t\t\t\t<div class=\"elementor-widget-container\">\n\t\t\t\t\t\t\t\t\t<p>Esmorzar a l&#8217;hotel i trasllat a l&#8217;aeroport de Medell\u00edn per agafar el vol que et dur\u00e0 fins Santa Marta.<\/p><p>Entre la serralada i el mar es troba ubicada Santa Marta, la ciutat m\u00e9s antiga d\u2019Am\u00e8rica, fundada el 1525 per Don Rodrigo de Bastidas. S\u2019hi poden apreciar les empremtes d\u2019un passat glori\u00f3s, representant antigues edificacions i construccions militars que daten de l\u2019\u00e8poca de la col\u00f2nia.<\/p><p>Durant la teva visita coneixer\u00e0s la Quinta de San Pedro Alejandrino constru\u00efda el 1608, \u00e9s una bonica hisenda localitzada a les afores de la ciutat i va ser la darrera estada de Sim\u00f3n Bol\u00edvar, aix\u00ed com el monument a Carlos &#8220;El Pibe&#8221; Valderrama, la Plaza Bol\u00edvar i el mirador de Taganga. Tamb\u00e9 passejar\u00e0s per la bonica badia de Santa Marta.<\/p><p>Allotjament a l&#8217;hotel de Santa Marta.<\/p>\t\t\t\t\t\t\t\t<\/div>\n\t\t\t\t<\/div>\n\t\t\t\t\t<\/div>\n\t\t\t\t<\/div>\n\t\t<div class=\"elementor-element elementor-element-47a3c8b e-flex e-con-boxed e-con e-parent\" data-id=\"47a3c8b\" data-element_type=\"container\" data-e-type=\"container\" data-settings=\"{&quot;jet_parallax_layout_list&quot;:[]}\">\n\t\t\t\t\t<div class=\"e-con-inner\">\n\t\t\t\t<div class=\"elementor-element elementor-element-1cf09ff elementor-widget elementor-widget-jet-image-accordion\" data-id=\"1cf09ff\" data-element_type=\"widget\" data-e-type=\"widget\" data-widget_type=\"jet-image-accordion.default\">\n\t\t\t\t<div class=\"elementor-widget-container\">\n\t\t\t\t\t<div class=\"elementor-jet-image-accordion jet-tabs-addons\"><div class=\"jet-image-accordion jet-image-accordion-vertical-orientation jet-image-accordion-circ-ease\" role=\"tablist\" data-settings=\"{&quot;orientation&quot;:&quot;vertical&quot;,&quot;activeSize&quot;:{&quot;unit&quot;:&quot;%&quot;,&quot;size&quot;:50,&quot;sizes&quot;:[]},&quot;duration&quot;:500,&quot;activeItem&quot;:-1}\">\n\t<div class=\"jet-image-accordion__list\">\n<div class=\"jet-image-accordion__item title-display-mode__on_hover\" role=\"tab\" aria-selected=\"false\" tabindex=\"0\">\n<img decoding=\"async\" class=\"jet-image-accordion__image-instance\" src=\"https:\/\/i0.wp.com\/viatgesvinolas.com\/wp-content\/uploads\/2026\/02\/badia-santa-marta-viatge-colombia-viatges-vinolas.jpg?fit=900%2C442&#038;ssl=1\" alt=\"badia-santa-marta-viatge-colombia-viatges-vinolas\">\n\t\n\t<div class=\"jet-image-accordion__content\">\n\t\t<\/div>\n\t<div class=\"jet-image-accordion__item-loader\"><span><\/span><\/div>\n<\/div>\n<div class=\"jet-image-accordion__item title-display-mode__on_hover\" role=\"tab\" aria-selected=\"false\" tabindex=\"0\">\n<img decoding=\"async\" class=\"jet-image-accordion__image-instance\" src=\"https:\/\/i0.wp.com\/viatgesvinolas.com\/wp-content\/uploads\/2026\/02\/Quinta-San-Pedro-Alejandrino-santa-marta-viatge-colombia-viatges-vinolas.jpg?fit=900%2C600&#038;ssl=1\" alt=\"Quinta-San-Pedro-Alejandrino-santa-marta-viatge-colombia-viatges-vinolas\">\n\t\n\t<div class=\"jet-image-accordion__content\">\n\t\t<\/div>\n\t<div class=\"jet-image-accordion__item-loader\"><span><\/span><\/div>\n<\/div>\n<div class=\"jet-image-accordion__item title-display-mode__on_hover\" role=\"tab\" aria-selected=\"false\" tabindex=\"0\">\n<img decoding=\"async\" class=\"jet-image-accordion__image-instance\" src=\"https:\/\/i0.wp.com\/viatgesvinolas.com\/wp-content\/uploads\/2026\/02\/mirador-taganga-santa-marta-viatge-colombia-viatges-vinolas.jpg?fit=900%2C600&#038;ssl=1\" alt=\"mirador-taganga-santa-marta-viatge-colombia-viatges-vinolas\">\n\t\n\t<div class=\"jet-image-accordion__content\">\n\t\t<\/div>\n\t<div class=\"jet-image-accordion__item-loader\"><span><\/span><\/div>\n<\/div>\n<\/div>\n<\/div>\n<\/div>\t\t\t\t<\/div>\n\t\t\t\t<\/div>\n\t\t\t\t\t<\/div>\n\t\t\t\t<\/div>\n\t\t<div class=\"elementor-element elementor-element-48cb400d e-flex e-con-boxed e-con e-parent\" data-id=\"48cb400d\" data-element_type=\"container\" data-e-type=\"container\" data-settings=\"{&quot;jet_parallax_layout_list&quot;:[]}\">\n\t\t\t\t\t<div class=\"e-con-inner\">\n\t\t\t\t<div class=\"elementor-element elementor-element-3bc2a617 elementor-widget elementor-widget-heading\" data-id=\"3bc2a617\" data-element_type=\"widget\" data-e-type=\"widget\" data-widget_type=\"heading.default\">\n\t\t\t\t<div class=\"elementor-widget-container\">\n\t\t\t\t\t<p class=\"elementor-heading-title elementor-size-default\">DIA 9<\/p>\t\t\t\t<\/div>\n\t\t\t\t<\/div>\n\t\t\t\t<div class=\"elementor-element elementor-element-210e6a0c elementor-widget elementor-widget-heading\" data-id=\"210e6a0c\" data-element_type=\"widget\" data-e-type=\"widget\" data-widget_type=\"heading.default\">\n\t\t\t\t<div class=\"elementor-widget-container\">\n\t\t\t\t\t<h3 class=\"elementor-heading-title elementor-size-default\">SANTA MARTA \u2192 PARC TAYRONA<\/h3>\t\t\t\t<\/div>\n\t\t\t\t<\/div>\n\t\t\t\t<div class=\"elementor-element elementor-element-f3e1f15 elementor-widget elementor-widget-text-editor\" data-id=\"f3e1f15\" data-element_type=\"widget\" data-e-type=\"widget\" data-widget_type=\"text-editor.default\">\n\t\t\t\t<div class=\"elementor-widget-container\">\n\t\t\t\t\t\t\t\t\t<p>Esmorzar a l&#8217;hotel i trasllat en transport terrestre fins al Parc Tayrona (1 hora aprox.).\u00a0<\/p><p>Avui descobrir\u00e0s el Parc Tayrona, on el mar Carib i la selva colombiana es fusionen. Visitar\u00e0s Playa Cristal, a la que hi arribar\u00e0s en llanxa des de Neguanje, on es poden realitzar activitats d&#8217;snorkel per observal els fons de corall, ja que s&#8217;hi ubica la zona coral\u00b7lina m\u00e9s important del parc. Tamb\u00e9 anir\u00e0s a Playa Siete Olas, on el mar trenca en set onades constants a la platja i des de la qual pots apreciar tot el paisatge paradis\u00edac del sector.\u00a0<\/p><p>Allotjament a hotel a Tayrona.<\/p>\t\t\t\t\t\t\t\t<\/div>\n\t\t\t\t<\/div>\n\t\t\t\t\t<\/div>\n\t\t\t\t<\/div>\n\t\t<div class=\"elementor-element elementor-element-657475ea e-flex e-con-boxed e-con e-parent\" data-id=\"657475ea\" data-element_type=\"container\" data-e-type=\"container\" data-settings=\"{&quot;jet_parallax_layout_list&quot;:[]}\">\n\t\t\t\t\t<div class=\"e-con-inner\">\n\t\t\t\t<div class=\"elementor-element elementor-element-5e369a59 elementor-widget elementor-widget-jet-image-accordion\" data-id=\"5e369a59\" data-element_type=\"widget\" data-e-type=\"widget\" data-widget_type=\"jet-image-accordion.default\">\n\t\t\t\t<div class=\"elementor-widget-container\">\n\t\t\t\t\t<div class=\"elementor-jet-image-accordion jet-tabs-addons\"><div class=\"jet-image-accordion jet-image-accordion-vertical-orientation jet-image-accordion-circ-ease\" role=\"tablist\" data-settings=\"{&quot;orientation&quot;:&quot;vertical&quot;,&quot;activeSize&quot;:{&quot;unit&quot;:&quot;%&quot;,&quot;size&quot;:50,&quot;sizes&quot;:[]},&quot;duration&quot;:500,&quot;activeItem&quot;:-1}\">\n\t<div class=\"jet-image-accordion__list\">\n<div class=\"jet-image-accordion__item title-display-mode__on_hover\" role=\"tab\" aria-selected=\"false\" tabindex=\"0\">\n<img decoding=\"async\" class=\"jet-image-accordion__image-instance\" src=\"https:\/\/i0.wp.com\/viatgesvinolas.com\/wp-content\/uploads\/2026\/02\/parc-nacional-tayrona-viatge-colombia-viatges-vinolas.jpg?fit=850%2C567&#038;ssl=1\" alt=\"parc-nacional-tayrona-viatge-colombia-viatges-vinolas\">\n\t\n\t<div class=\"jet-image-accordion__content\">\n\t\t<\/div>\n\t<div class=\"jet-image-accordion__item-loader\"><span><\/span><\/div>\n<\/div>\n<div class=\"jet-image-accordion__item title-display-mode__on_hover\" role=\"tab\" aria-selected=\"false\" tabindex=\"0\">\n<img decoding=\"async\" class=\"jet-image-accordion__image-instance\" src=\"https:\/\/i0.wp.com\/viatgesvinolas.com\/wp-content\/uploads\/2026\/02\/mirador-parc-nacional-tayrona-viatge-colombia-viatges-vinolas.jpg?fit=800%2C450&#038;ssl=1\" alt=\"mirador-parc-nacional-tayrona-viatge-colombia-viatges-vinolas\">\n\t\n\t<div class=\"jet-image-accordion__content\">\n\t\t<\/div>\n\t<div class=\"jet-image-accordion__item-loader\"><span><\/span><\/div>\n<\/div>\n<div class=\"jet-image-accordion__item title-display-mode__on_hover\" role=\"tab\" aria-selected=\"false\" tabindex=\"0\">\n<img decoding=\"async\" class=\"jet-image-accordion__image-instance\" src=\"https:\/\/i0.wp.com\/viatgesvinolas.com\/wp-content\/uploads\/2026\/02\/platja-parc-nacional-tayrona-viatge-colombia-viatges-vinolas.jpg?fit=700%2C525&#038;ssl=1\" alt=\"platja-parc-nacional-tayrona-viatge-colombia-viatges-vinolas\">\n\t\n\t<div class=\"jet-image-accordion__content\">\n\t\t<\/div>\n\t<div class=\"jet-image-accordion__item-loader\"><span><\/span><\/div>\n<\/div>\n<\/div>\n<\/div>\n<\/div>\t\t\t\t<\/div>\n\t\t\t\t<\/div>\n\t\t\t\t\t<\/div>\n\t\t\t\t<\/div>\n\t\t<div class=\"elementor-element elementor-element-54518fc9 e-flex e-con-boxed e-con e-parent\" data-id=\"54518fc9\" data-element_type=\"container\" data-e-type=\"container\" data-settings=\"{&quot;jet_parallax_layout_list&quot;:[]}\">\n\t\t\t\t\t<div class=\"e-con-inner\">\n\t\t\t\t<div class=\"elementor-element elementor-element-3a37fb2f elementor-widget elementor-widget-heading\" data-id=\"3a37fb2f\" data-element_type=\"widget\" data-e-type=\"widget\" data-widget_type=\"heading.default\">\n\t\t\t\t<div class=\"elementor-widget-container\">\n\t\t\t\t\t<p class=\"elementor-heading-title elementor-size-default\">DIA 10<\/p>\t\t\t\t<\/div>\n\t\t\t\t<\/div>\n\t\t\t\t<div class=\"elementor-element elementor-element-61432a98 elementor-widget elementor-widget-heading\" data-id=\"61432a98\" data-element_type=\"widget\" data-e-type=\"widget\" data-widget_type=\"heading.default\">\n\t\t\t\t<div class=\"elementor-widget-container\">\n\t\t\t\t\t<h3 class=\"elementor-heading-title elementor-size-default\">PARC TAYRONA<\/h3>\t\t\t\t<\/div>\n\t\t\t\t<\/div>\n\t\t\t\t<div class=\"elementor-element elementor-element-4742a1c9 elementor-widget elementor-widget-text-editor\" data-id=\"4742a1c9\" data-element_type=\"widget\" data-e-type=\"widget\" data-widget_type=\"text-editor.default\">\n\t\t\t\t<div class=\"elementor-widget-container\">\n\t\t\t\t\t\t\t\t\t<p>Esmorzar a l\u2019hotel i dia lliure per gaudir de les platges paradis\u00edaques, esports acu\u00e0tics i altres activitats.<\/p><p>Allotjament a l&#8217;hotel de Tayrona.\u00a0<\/p>\t\t\t\t\t\t\t\t<\/div>\n\t\t\t\t<\/div>\n\t\t\t\t\t<\/div>\n\t\t\t\t<\/div>\n\t\t<div class=\"elementor-element elementor-element-63bcc27a e-flex e-con-boxed e-con e-parent\" data-id=\"63bcc27a\" data-element_type=\"container\" data-e-type=\"container\" data-settings=\"{&quot;jet_parallax_layout_list&quot;:[]}\">\n\t\t\t\t\t<div class=\"e-con-inner\">\n\t\t\t\t<div class=\"elementor-element elementor-element-7a2b4d42 elementor-widget elementor-widget-jet-image-accordion\" data-id=\"7a2b4d42\" data-element_type=\"widget\" data-e-type=\"widget\" data-widget_type=\"jet-image-accordion.default\">\n\t\t\t\t<div class=\"elementor-widget-container\">\n\t\t\t\t\t<div class=\"elementor-jet-image-accordion jet-tabs-addons\"><div class=\"jet-image-accordion jet-image-accordion-vertical-orientation jet-image-accordion-circ-ease\" role=\"tablist\" data-settings=\"{&quot;orientation&quot;:&quot;vertical&quot;,&quot;activeSize&quot;:{&quot;unit&quot;:&quot;%&quot;,&quot;size&quot;:50,&quot;sizes&quot;:[]},&quot;duration&quot;:500,&quot;activeItem&quot;:-1}\">\n\t<div class=\"jet-image-accordion__list\">\n<div class=\"jet-image-accordion__item title-display-mode__on_hover\" role=\"tab\" aria-selected=\"false\" tabindex=\"0\">\n<img decoding=\"async\" class=\"jet-image-accordion__image-instance\" src=\"https:\/\/i0.wp.com\/viatgesvinolas.com\/wp-content\/uploads\/2026\/02\/snorkel-parc-nacional-tayrona-viatge-colombia-viatges-vinolas.jpg?fit=900%2C506&#038;ssl=1\" alt=\"snorkel-parc-nacional-tayrona-viatge-colombia-viatges-vinolas\">\n\t\n\t<div class=\"jet-image-accordion__content\">\n\t\t<\/div>\n\t<div class=\"jet-image-accordion__item-loader\"><span><\/span><\/div>\n<\/div>\n<div class=\"jet-image-accordion__item title-display-mode__on_hover\" role=\"tab\" aria-selected=\"false\" tabindex=\"0\">\n<img decoding=\"async\" class=\"jet-image-accordion__image-instance\" src=\"https:\/\/i0.wp.com\/viatgesvinolas.com\/wp-content\/uploads\/2026\/02\/selva-parc-nacional-tayrona-viatge-colombia-viatges-vinolas.jpg?fit=700%2C394&#038;ssl=1\" alt=\"selva-parc-nacional-tayrona-viatge-colombia-viatges-vinolas\">\n\t\n\t<div class=\"jet-image-accordion__content\">\n\t\t<\/div>\n\t<div class=\"jet-image-accordion__item-loader\"><span><\/span><\/div>\n<\/div>\n<div class=\"jet-image-accordion__item title-display-mode__on_hover\" role=\"tab\" aria-selected=\"false\" tabindex=\"0\">\n<img decoding=\"async\" class=\"jet-image-accordion__image-instance\" src=\"https:\/\/i0.wp.com\/viatgesvinolas.com\/wp-content\/uploads\/2026\/02\/aeria-parc-nacional-tayrona-viatge-colombia-viatges-vinolas.jpg?fit=800%2C450&#038;ssl=1\" alt=\"aeria-parc-nacional-tayrona-viatge-colombia-viatges-vinolas\">\n\t\n\t<div class=\"jet-image-accordion__content\">\n\t\t<\/div>\n\t<div class=\"jet-image-accordion__item-loader\"><span><\/span><\/div>\n<\/div>\n<\/div>\n<\/div>\n<\/div>\t\t\t\t<\/div>\n\t\t\t\t<\/div>\n\t\t\t\t\t<\/div>\n\t\t\t\t<\/div>\n\t\t<div class=\"elementor-element elementor-element-66cf31c5 e-flex e-con-boxed e-con e-parent\" data-id=\"66cf31c5\" data-element_type=\"container\" data-e-type=\"container\" data-settings=\"{&quot;jet_parallax_layout_list&quot;:[]}\">\n\t\t\t\t\t<div class=\"e-con-inner\">\n\t\t\t\t<div class=\"elementor-element elementor-element-556c19af elementor-widget elementor-widget-heading\" data-id=\"556c19af\" data-element_type=\"widget\" data-e-type=\"widget\" data-widget_type=\"heading.default\">\n\t\t\t\t<div class=\"elementor-widget-container\">\n\t\t\t\t\t<p class=\"elementor-heading-title elementor-size-default\">DIA 11<\/p>\t\t\t\t<\/div>\n\t\t\t\t<\/div>\n\t\t\t\t<div class=\"elementor-element elementor-element-6870f425 elementor-widget elementor-widget-heading\" data-id=\"6870f425\" data-element_type=\"widget\" data-e-type=\"widget\" data-widget_type=\"heading.default\">\n\t\t\t\t<div class=\"elementor-widget-container\">\n\t\t\t\t\t<h3 class=\"elementor-heading-title elementor-size-default\">TAYRONA \u2192 CARTAGENA DE INDIAS<\/h3>\t\t\t\t<\/div>\n\t\t\t\t<\/div>\n\t\t\t\t<div class=\"elementor-element elementor-element-423bae30 elementor-widget elementor-widget-text-editor\" data-id=\"423bae30\" data-element_type=\"widget\" data-e-type=\"widget\" data-widget_type=\"text-editor.default\">\n\t\t\t\t<div class=\"elementor-widget-container\">\n\t\t\t\t\t\t\t\t\t<p>Esmorzar a l&#8217;hotel. Avui et dirigir\u00e0s amb transport terrestre des de Tayrona a Cartagena de Indias (6 hores amb parada), fent una parada a Barranquilla (ciutat on va n\u00e9ixer la cantant Shakira) per dinar, estirar les cames i fer-se fotos a alg\u00fan dels monuments m\u00e9s internacionals de la ciutat.\u00a0<\/p><p>Arribada i allotjament a c\u00e8ntric hotel a Cartagena de Indias.<\/p>\t\t\t\t\t\t\t\t<\/div>\n\t\t\t\t<\/div>\n\t\t\t\t\t<\/div>\n\t\t\t\t<\/div>\n\t\t<div class=\"elementor-element elementor-element-1773e2b e-flex e-con-boxed e-con e-parent\" data-id=\"1773e2b\" data-element_type=\"container\" data-e-type=\"container\" data-settings=\"{&quot;jet_parallax_layout_list&quot;:[]}\">\n\t\t\t\t\t<div class=\"e-con-inner\">\n\t\t\t\t<div class=\"elementor-element elementor-element-efcb11b elementor-widget elementor-widget-heading\" data-id=\"efcb11b\" data-element_type=\"widget\" data-e-type=\"widget\" data-widget_type=\"heading.default\">\n\t\t\t\t<div class=\"elementor-widget-container\">\n\t\t\t\t\t<p class=\"elementor-heading-title elementor-size-default\">DIA 12<\/p>\t\t\t\t<\/div>\n\t\t\t\t<\/div>\n\t\t\t\t<div class=\"elementor-element elementor-element-796f813 elementor-widget elementor-widget-heading\" data-id=\"796f813\" data-element_type=\"widget\" data-e-type=\"widget\" data-widget_type=\"heading.default\">\n\t\t\t\t<div class=\"elementor-widget-container\">\n\t\t\t\t\t<h3 class=\"elementor-heading-title elementor-size-default\">CARTAGENA DE INDIAS<\/h3>\t\t\t\t<\/div>\n\t\t\t\t<\/div>\n\t\t\t\t<div class=\"elementor-element elementor-element-adfc7dd elementor-widget elementor-widget-text-editor\" data-id=\"adfc7dd\" data-element_type=\"widget\" data-e-type=\"widget\" data-widget_type=\"text-editor.default\">\n\t\t\t\t<div class=\"elementor-widget-container\">\n\t\t\t\t\t\t\t\t\t<p>Esmorzar a l&#8217;hotel.<\/p><p>Avui far\u00e0s un recorregut panor\u00e0mic amb autob\u00fas o furgoneta amb aire condicionat pels barris residencials de Bocagrande, Castillo Grande i Manga. Aix\u00ed com una visita guiada al Castillo San Felipe de Barajas, l\u2019obra d\u2019enginyeria militar m\u00e9s important d\u2019Espanya a Am\u00e8rica i que protegia la ciutat dels atacs de pirates. Al finalitzar la visita, trasllat al centre hist\u00f2ric per l\u2019Avinguda Santander on es podran apreciar els baluards i les muralles que rodegen el centre hist\u00f2ric.<\/p><p>Visita al centre artesanal Las B\u00f3vedas i passeig guiat pel centre hist\u00f2ric de la ciutat, que finalitzar\u00e0 amb la visita a l\u2019esgl\u00e9sia de San Pedro.<\/p><p>Allotjament a c\u00e8ntric hotel a Cartagena de Indias.<\/p>\t\t\t\t\t\t\t\t<\/div>\n\t\t\t\t<\/div>\n\t\t\t\t\t<\/div>\n\t\t\t\t<\/div>\n\t\t<div class=\"elementor-element elementor-element-74c7b8b e-flex e-con-boxed e-con e-parent\" data-id=\"74c7b8b\" data-element_type=\"container\" data-e-type=\"container\" data-settings=\"{&quot;jet_parallax_layout_list&quot;:[]}\">\n\t\t\t\t\t<div class=\"e-con-inner\">\n\t\t\t\t<div class=\"elementor-element elementor-element-312d26c elementor-widget elementor-widget-jet-image-accordion\" data-id=\"312d26c\" data-element_type=\"widget\" data-e-type=\"widget\" data-widget_type=\"jet-image-accordion.default\">\n\t\t\t\t<div class=\"elementor-widget-container\">\n\t\t\t\t\t<div class=\"elementor-jet-image-accordion jet-tabs-addons\"><div class=\"jet-image-accordion jet-image-accordion-vertical-orientation jet-image-accordion-circ-ease\" role=\"tablist\" data-settings=\"{&quot;orientation&quot;:&quot;vertical&quot;,&quot;activeSize&quot;:{&quot;unit&quot;:&quot;%&quot;,&quot;size&quot;:50,&quot;sizes&quot;:[]},&quot;duration&quot;:500,&quot;activeItem&quot;:-1}\">\n\t<div class=\"jet-image-accordion__list\">\n<div class=\"jet-image-accordion__item title-display-mode__on_hover\" role=\"tab\" aria-selected=\"false\" tabindex=\"0\">\n<img decoding=\"async\" class=\"jet-image-accordion__image-instance\" src=\"https:\/\/i0.wp.com\/viatgesvinolas.com\/wp-content\/uploads\/2025\/08\/getsemani-cartagena-de-indias-viatge-en-grup-colombia.jpg?fit=800%2C533&#038;ssl=1\" alt=\"getsemani-cartagena-de-indias-viatge-en-grup-colombia\">\n\t\n\t<div class=\"jet-image-accordion__content\">\n\t\t<\/div>\n\t<div class=\"jet-image-accordion__item-loader\"><span><\/span><\/div>\n<\/div>\n<div class=\"jet-image-accordion__item title-display-mode__on_hover\" role=\"tab\" aria-selected=\"false\" tabindex=\"0\">\n<img decoding=\"async\" class=\"jet-image-accordion__image-instance\" src=\"https:\/\/i0.wp.com\/viatgesvinolas.com\/wp-content\/uploads\/2025\/08\/san-felipe-de-barajas-cartagena-de-indias-viatge-en-grup-colombia.jpg?fit=900%2C506&#038;ssl=1\" alt=\"san-felipe-de-barajas-cartagena-de-indias-viatge-en-grup-colombia\">\n\t\n\t<div class=\"jet-image-accordion__content\">\n\t\t<\/div>\n\t<div class=\"jet-image-accordion__item-loader\"><span><\/span><\/div>\n<\/div>\n<div class=\"jet-image-accordion__item title-display-mode__on_hover\" role=\"tab\" aria-selected=\"false\" tabindex=\"0\">\n<img decoding=\"async\" class=\"jet-image-accordion__image-instance\" src=\"https:\/\/i0.wp.com\/viatgesvinolas.com\/wp-content\/uploads\/2025\/08\/cartagena-de-indias-viatge-en-grup-colombia.jpg?fit=900%2C600&#038;ssl=1\" alt=\"cartagena-de-indias-viatge-en-grup-colombia\">\n\t\n\t<div class=\"jet-image-accordion__content\">\n\t\t<\/div>\n\t<div class=\"jet-image-accordion__item-loader\"><span><\/span><\/div>\n<\/div>\n<\/div>\n<\/div>\n<\/div>\t\t\t\t<\/div>\n\t\t\t\t<\/div>\n\t\t\t\t\t<\/div>\n\t\t\t\t<\/div>\n\t\t<div class=\"elementor-element elementor-element-8ccd19a e-flex e-con-boxed e-con e-parent\" data-id=\"8ccd19a\" data-element_type=\"container\" data-e-type=\"container\" data-settings=\"{&quot;jet_parallax_layout_list&quot;:[]}\">\n\t\t\t\t\t<div class=\"e-con-inner\">\n\t\t\t\t<div class=\"elementor-element elementor-element-2b2bada elementor-widget elementor-widget-heading\" data-id=\"2b2bada\" data-element_type=\"widget\" data-e-type=\"widget\" data-widget_type=\"heading.default\">\n\t\t\t\t<div class=\"elementor-widget-container\">\n\t\t\t\t\t<p class=\"elementor-heading-title elementor-size-default\">DIA 13<\/p>\t\t\t\t<\/div>\n\t\t\t\t<\/div>\n\t\t\t\t<div class=\"elementor-element elementor-element-a225300 elementor-widget elementor-widget-heading\" data-id=\"a225300\" data-element_type=\"widget\" data-e-type=\"widget\" data-widget_type=\"heading.default\">\n\t\t\t\t<div class=\"elementor-widget-container\">\n\t\t\t\t\t<h3 class=\"elementor-heading-title elementor-size-default\">CARTAGENA DE INDIAS \u2192 TORNADA<\/h3>\t\t\t\t<\/div>\n\t\t\t\t<\/div>\n\t\t\t\t<div class=\"elementor-element elementor-element-3834737 elementor-widget elementor-widget-text-editor\" data-id=\"3834737\" data-element_type=\"widget\" data-e-type=\"widget\" data-widget_type=\"text-editor.default\">\n\t\t\t\t<div class=\"elementor-widget-container\">\n\t\t\t\t\t\t\t\t\t<p>Esmorzar a l&#8217;hotel.<\/p><p>Trasllat a l&#8217;aeroport i vol de tornada amb escala a Madrid.<\/p>\t\t\t\t\t\t\t\t<\/div>\n\t\t\t\t<\/div>\n\t\t\t\t\t<\/div>\n\t\t\t\t<\/div>\n\t\t\t\t<section class=\"elementor-section elementor-top-section elementor-element elementor-element-51254ae2 elementor-section-boxed elementor-section-height-default elementor-section-height-default\" data-id=\"51254ae2\" data-element_type=\"section\" data-e-type=\"section\" data-settings=\"{&quot;jet_parallax_layout_list&quot;:[{&quot;jet_parallax_layout_image&quot;:{&quot;url&quot;:&quot;&quot;,&quot;id&quot;:&quot;&quot;,&quot;size&quot;:&quot;&quot;},&quot;_id&quot;:&quot;7708ecf&quot;,&quot;jet_parallax_layout_image_tablet&quot;:{&quot;url&quot;:&quot;&quot;,&quot;id&quot;:&quot;&quot;,&quot;size&quot;:&quot;&quot;},&quot;jet_parallax_layout_image_mobile&quot;:{&quot;url&quot;:&quot;&quot;,&quot;id&quot;:&quot;&quot;,&quot;size&quot;:&quot;&quot;},&quot;jet_parallax_layout_speed&quot;:{&quot;unit&quot;:&quot;%&quot;,&quot;size&quot;:50,&quot;sizes&quot;:[]},&quot;jet_parallax_layout_type&quot;:&quot;scroll&quot;,&quot;jet_parallax_layout_direction&quot;:&quot;1&quot;,&quot;jet_parallax_layout_fx_direction&quot;:null,&quot;jet_parallax_layout_z_index&quot;:&quot;&quot;,&quot;jet_parallax_layout_bg_x&quot;:50,&quot;jet_parallax_layout_bg_x_tablet&quot;:&quot;&quot;,&quot;jet_parallax_layout_bg_x_mobile&quot;:&quot;&quot;,&quot;jet_parallax_layout_bg_y&quot;:50,&quot;jet_parallax_layout_bg_y_tablet&quot;:&quot;&quot;,&quot;jet_parallax_layout_bg_y_mobile&quot;:&quot;&quot;,&quot;jet_parallax_layout_bg_size&quot;:&quot;auto&quot;,&quot;jet_parallax_layout_bg_size_tablet&quot;:&quot;&quot;,&quot;jet_parallax_layout_bg_size_mobile&quot;:&quot;&quot;,&quot;jet_parallax_layout_animation_prop&quot;:&quot;transform&quot;,&quot;jet_parallax_layout_on&quot;:[&quot;desktop&quot;,&quot;tablet&quot;]}],&quot;background_background&quot;:&quot;classic&quot;}\">\n\t\t\t\t\t\t<div class=\"elementor-container elementor-column-gap-no\">\n\t\t\t\t\t<div class=\"elementor-column elementor-col-100 elementor-top-column elementor-element elementor-element-57e30889\" data-id=\"57e30889\" data-element_type=\"column\" data-e-type=\"column\">\n\t\t\t<div class=\"elementor-widget-wrap elementor-element-populated\">\n\t\t\t\t\t\t<div class=\"elementor-element elementor-element-5e6c6936 elementor-widget elementor-widget-spacer\" data-id=\"5e6c6936\" data-element_type=\"widget\" data-e-type=\"widget\" data-widget_type=\"spacer.default\">\n\t\t\t\t<div class=\"elementor-widget-container\">\n\t\t\t\t\t\t\t<div class=\"elementor-spacer\">\n\t\t\t<div class=\"elementor-spacer-inner\"><\/div>\n\t\t<\/div>\n\t\t\t\t\t\t<\/div>\n\t\t\t\t<\/div>\n\t\t\t\t<div class=\"elementor-element elementor-element-4ec43f77 elementor-widget elementor-widget-heading\" data-id=\"4ec43f77\" data-element_type=\"widget\" data-e-type=\"widget\" data-widget_type=\"heading.default\">\n\t\t\t\t<div class=\"elementor-widget-container\">\n\t\t\t\t\t<h2 class=\"elementor-heading-title elementor-size-default\">Mapa de ruta<\/h2>\t\t\t\t<\/div>\n\t\t\t\t<\/div>\n\t\t\t\t<div class=\"elementor-element elementor-element-5d5fb028 elementor-widget elementor-widget-spacer\" data-id=\"5d5fb028\" data-element_type=\"widget\" data-e-type=\"widget\" data-widget_type=\"spacer.default\">\n\t\t\t\t<div class=\"elementor-widget-container\">\n\t\t\t\t\t\t\t<div class=\"elementor-spacer\">\n\t\t\t<div class=\"elementor-spacer-inner\"><\/div>\n\t\t<\/div>\n\t\t\t\t\t\t<\/div>\n\t\t\t\t<\/div>\n\t\t\t\t<div class=\"elementor-element elementor-element-2e3e970e elementor-widget elementor-widget-html\" data-id=\"2e3e970e\" data-element_type=\"widget\" data-e-type=\"widget\" data-widget_type=\"html.default\">\n\t\t\t\t<div class=\"elementor-widget-container\">\n\t\t\t\t\t<iframe src=\"https:\/\/www.google.com\/maps\/d\/embed?mid=1xV9V6qzRPTXBnhnhH5J5e0rorcDR3Zw&ehbc=2E312F\" width=\"640\" height=\"480\"><\/iframe>\t\t\t\t<\/div>\n\t\t\t\t<\/div>\n\t\t\t\t\t<\/div>\n\t\t<\/div>\n\t\t\t\t\t<\/div>\n\t\t<\/section>\n\t\t<div class=\"elementor-element elementor-element-178ea96d e-flex e-con-boxed e-con e-parent\" data-id=\"178ea96d\" data-element_type=\"container\" data-e-type=\"container\" data-settings=\"{&quot;jet_parallax_layout_list&quot;:[],&quot;background_background&quot;:&quot;classic&quot;}\">\n\t\t\t\t\t<div class=\"e-con-inner\">\n\t\t<div class=\"elementor-element elementor-element-752a55ab e-con-full e-flex e-con e-child\" data-id=\"752a55ab\" data-element_type=\"container\" data-e-type=\"container\" data-settings=\"{&quot;jet_parallax_layout_list&quot;:[]}\">\n\t\t\t\t<div class=\"elementor-element elementor-element-7033afdb elementor-widget elementor-widget-heading\" data-id=\"7033afdb\" data-element_type=\"widget\" data-e-type=\"widget\" data-widget_type=\"heading.default\">\n\t\t\t\t<div class=\"elementor-widget-container\">\n\t\t\t\t\t<h2 class=\"elementor-heading-title elementor-size-default\">Contacta'ns<\/h2>\t\t\t\t<\/div>\n\t\t\t\t<\/div>\n\t\t\t\t<div class=\"elementor-element elementor-element-6577a391 elementor-widget elementor-widget-global elementor-global-36618 elementor-widget-text-editor\" data-id=\"6577a391\" data-element_type=\"widget\" data-e-type=\"widget\" data-widget_type=\"text-editor.default\">\n\t\t\t\t<div class=\"elementor-widget-container\">\n\t\t\t\t\t\t\t\t\t<p>Aquest itinerari \u00e9s nom\u00e9s una mostra de com podria ser el teu viatge. Consulta&#8217;ns la possibilitat de fer aquest itinerari (o un de similar) en grup o pel teu compte, amb transports p\u00fablics o cotxe de lloguer.&nbsp;<\/p>\n<p>Podem modificar aquest viatge al teu gust, adaptant-lo a les teves prefer\u00e8ncies o forma de viatjar, dissenyant-lo completament a mida.<\/p>\n<p>No dubtis a contactar-nos tamb\u00e9 si busques un viatge diferent o tens qualsevol consulta. El nostre equip d&#8217;agents especialitzats en grans viatges est\u00e0 a la teva disposici\u00f3 per assessorar-te en tot all\u00f2 que necessitis.&nbsp;<\/p>\t\t\t\t\t\t\t\t<\/div>\n\t\t\t\t<\/div>\n\t\t\t\t<\/div>\n\t\t<div class=\"elementor-element elementor-element-3aac3dab e-con-full e-flex e-con e-child\" data-id=\"3aac3dab\" data-element_type=\"container\" data-e-type=\"container\" data-settings=\"{&quot;jet_parallax_layout_list&quot;:[]}\">\n\t\t\t\t<div class=\"elementor-element elementor-element-20a5a19c elementor-widget elementor-widget-heading\" data-id=\"20a5a19c\" data-element_type=\"widget\" data-e-type=\"widget\" data-widget_type=\"heading.default\">\n\t\t\t\t<div class=\"elementor-widget-container\">\n\t\t\t\t\t<h2 class=\"elementor-heading-title elementor-size-default\">Formulari<\/h2>\t\t\t\t<\/div>\n\t\t\t\t<\/div>\n\t\t\t\t<div class=\"elementor-element elementor-element-7077ea21 elementor-widget elementor-widget-global elementor-global-36621 elementor-widget-contact-form-7\" data-id=\"7077ea21\" data-element_type=\"widget\" data-e-type=\"widget\" data-widget_type=\"contact-form-7.default\">\n\t\t\t\t<div class=\"elementor-widget-container\">\n\t\t\t\t\t<div class=\"elementor-contact-form-7 jet-elements\">\n<div class=\"wpcf7 no-js\" id=\"wpcf7-f35878-o1\" lang=\"es-ES\" dir=\"ltr\" data-wpcf7-id=\"35878\">\n<div class=\"screen-reader-response\"><p role=\"status\" aria-live=\"polite\" aria-atomic=\"true\"><\/p> <ul><\/ul><\/div>\n<form action=\"\/en\/wp-json\/wp\/v2\/posts\/42313#wpcf7-f35878-o1\" method=\"post\" class=\"wpcf7-form init\" aria-label=\"Formulario de contacto\" novalidate=\"novalidate\" data-status=\"init\">\n<fieldset class=\"hidden-fields-container\"><input type=\"hidden\" name=\"_wpcf7\" value=\"35878\" \/><input type=\"hidden\" name=\"_wpcf7_version\" value=\"6.1.5\" \/><input type=\"hidden\" name=\"_wpcf7_locale\" value=\"es_ES\" \/><input type=\"hidden\" name=\"_wpcf7_unit_tag\" value=\"wpcf7-f35878-o1\" \/><input type=\"hidden\" name=\"_wpcf7_container_post\" value=\"0\" \/><input type=\"hidden\" name=\"_wpcf7_posted_data_hash\" value=\"\" \/><input type=\"hidden\" name=\"_wpcf7_recaptcha_response\" value=\"\" \/>\n<\/fieldset>\n<p><label> Nom i cognoms<br \/>\n<span class=\"wpcf7-form-control-wrap\" data-name=\"your-name\"><input size=\"40\" maxlength=\"400\" class=\"wpcf7-form-control wpcf7-text wpcf7-validates-as-required\" aria-required=\"true\" aria-invalid=\"false\" value=\"\" type=\"text\" name=\"your-name\" \/><\/span> <\/label>\n<\/p>\n<p><label> Tel\u00e8fon de contacte<br \/>\n<span class=\"wpcf7-form-control-wrap\" data-name=\"tel-634\"><input size=\"40\" maxlength=\"400\" class=\"wpcf7-form-control wpcf7-tel wpcf7-text wpcf7-validates-as-tel\" aria-invalid=\"false\" value=\"\" type=\"tel\" name=\"tel-634\" \/><\/span> <\/label>\n<\/p>\n<p><label> Correu electr\u00f2nic<br \/>\n<span class=\"wpcf7-form-control-wrap\" data-name=\"your-email\"><input size=\"40\" maxlength=\"400\" class=\"wpcf7-form-control wpcf7-email wpcf7-validates-as-required wpcf7-text wpcf7-validates-as-email\" aria-required=\"true\" aria-invalid=\"false\" value=\"\" type=\"email\" name=\"your-email\" \/><\/span> <\/label>\n<\/p>\n<p><label> Per quina de les nostres oficines vols ser at\u00e8s?<br \/>\n<span class=\"wpcf7-form-control-wrap\" data-name=\"menu-252\"><select class=\"wpcf7-form-control wpcf7-select wpcf7-validates-as-required\" aria-required=\"true\" aria-invalid=\"false\" name=\"menu-252\"><option value=\"\">&#8212;Por favor, elige una opci\u00f3n&#8212;<\/option><option value=\"Figueres\">Figueres<\/option><option value=\"Girona\">Girona<\/option><option value=\"Manresa\">Manresa<\/option><option value=\"Olot\">Olot<\/option><option value=\"Torroella de Montgr\u00ed\">Torroella de Montgr\u00ed<\/option><option value=\"Tortosa\">Tortosa<\/option><option value=\"Roses\">Roses<\/option><option value=\"Experi\u00e8ncies ElNacional.cat\">Experi\u00e8ncies ElNacional.cat<\/option><option value=\"Vi\u00f1olas Incoming Services\">Vi\u00f1olas Incoming Services<\/option><\/select><\/span> <\/label>\n<\/p>\n<p><label> Assumpte<br \/>\n<span class=\"wpcf7-form-control-wrap\" data-name=\"your-subject\"><input size=\"40\" maxlength=\"400\" class=\"wpcf7-form-control wpcf7-text wpcf7-validates-as-required\" aria-required=\"true\" aria-invalid=\"false\" value=\"\" type=\"text\" name=\"your-subject\" \/><\/span> <\/label>\n<\/p>\n<p><label> El teu missatge (opcional)<br \/>\n<span class=\"wpcf7-form-control-wrap\" data-name=\"your-message\"><textarea cols=\"40\" rows=\"10\" maxlength=\"2000\" class=\"wpcf7-form-control wpcf7-textarea\" aria-invalid=\"false\" name=\"your-message\"><\/textarea><\/span> <\/label>\n<\/p>\n<p><input class=\"wpcf7-form-control wpcf7-submit has-spinner\" type=\"submit\" value=\"Enviar\" \/>\n<\/p><p style=\"display: none !important;\" class=\"akismet-fields-container\" data-prefix=\"_wpcf7_ak_\"><label>&#916;<textarea name=\"_wpcf7_ak_hp_textarea\" cols=\"45\" rows=\"8\" maxlength=\"100\"><\/textarea><\/label><input type=\"hidden\" id=\"ak_js_1\" name=\"_wpcf7_ak_js\" value=\"187\"\/><script type=\"text\/javascript\">\n\/* <![CDATA[ *\/\ndocument.getElementById( \"ak_js_1\" ).setAttribute( \"value\", ( new Date() ).getTime() );\n\/* ]]> *\/\n<\/script>\n<\/p><div class=\"wpcf7-response-output\" aria-hidden=\"true\"><\/div>\n<\/form>\n<\/div>\n<\/div>\t\t\t\t<\/div>\n\t\t\t\t<\/div>\n\t\t\t\t<\/div>\n\t\t\t\t\t<\/div>\n\t\t\t\t<\/div>\n\t\t<div class=\"elementor-element elementor-element-259a258d e-flex e-con-boxed e-con e-parent\" data-id=\"259a258d\" data-element_type=\"container\" data-e-type=\"container\" data-settings=\"{&quot;jet_parallax_layout_list&quot;:[{&quot;jet_parallax_layout_image&quot;:{&quot;url&quot;:&quot;&quot;,&quot;id&quot;:&quot;&quot;,&quot;size&quot;:&quot;&quot;},&quot;_id&quot;:&quot;739d72e&quot;,&quot;jet_parallax_layout_image_tablet&quot;:{&quot;url&quot;:&quot;&quot;,&quot;id&quot;:&quot;&quot;,&quot;size&quot;:&quot;&quot;},&quot;jet_parallax_layout_image_mobile&quot;:{&quot;url&quot;:&quot;&quot;,&quot;id&quot;:&quot;&quot;,&quot;size&quot;:&quot;&quot;},&quot;jet_parallax_layout_speed&quot;:{&quot;unit&quot;:&quot;%&quot;,&quot;size&quot;:50,&quot;sizes&quot;:[]},&quot;jet_parallax_layout_type&quot;:&quot;scroll&quot;,&quot;jet_parallax_layout_direction&quot;:&quot;1&quot;,&quot;jet_parallax_layout_fx_direction&quot;:null,&quot;jet_parallax_layout_z_index&quot;:&quot;&quot;,&quot;jet_parallax_layout_bg_x&quot;:50,&quot;jet_parallax_layout_bg_x_tablet&quot;:&quot;&quot;,&quot;jet_parallax_layout_bg_x_mobile&quot;:&quot;&quot;,&quot;jet_parallax_layout_bg_y&quot;:50,&quot;jet_parallax_layout_bg_y_tablet&quot;:&quot;&quot;,&quot;jet_parallax_layout_bg_y_mobile&quot;:&quot;&quot;,&quot;jet_parallax_layout_bg_size&quot;:&quot;auto&quot;,&quot;jet_parallax_layout_bg_size_tablet&quot;:&quot;&quot;,&quot;jet_parallax_layout_bg_size_mobile&quot;:&quot;&quot;,&quot;jet_parallax_layout_animation_prop&quot;:&quot;transform&quot;,&quot;jet_parallax_layout_on&quot;:[&quot;desktop&quot;,&quot;tablet&quot;]}]}\">\n\t\t\t\t\t<div class=\"e-con-inner\">\n\t\t<div class=\"elementor-element elementor-element-7d7cc4e7 e-con-full e-flex e-con e-child\" data-id=\"7d7cc4e7\" data-element_type=\"container\" data-e-type=\"container\" data-settings=\"{&quot;jet_parallax_layout_list&quot;:[]}\">\n\t\t\t\t<div class=\"elementor-element elementor-element-f41e782 elementor-widget elementor-widget-heading\" data-id=\"f41e782\" data-element_type=\"widget\" data-e-type=\"widget\" data-widget_type=\"heading.default\">\n\t\t\t\t<div class=\"elementor-widget-container\">\n\t\t\t\t\t<h2 class=\"elementor-heading-title elementor-size-default\">Viatges relacionats<\/h2>\t\t\t\t<\/div>\n\t\t\t\t<\/div>\n\t\t\t\t<div class=\"elementor-element elementor-element-ea1547a elementor-widget elementor-widget-spacer\" data-id=\"ea1547a\" data-element_type=\"widget\" data-e-type=\"widget\" data-widget_type=\"spacer.default\">\n\t\t\t\t<div class=\"elementor-widget-container\">\n\t\t\t\t\t\t\t<div class=\"elementor-spacer\">\n\t\t\t<div class=\"elementor-spacer-inner\"><\/div>\n\t\t<\/div>\n\t\t\t\t\t\t<\/div>\n\t\t\t\t<\/div>\n\t\t\t\t<div class=\"elementor-element elementor-element-508d4bc0 elementor-grid-tablet-1 elementor-grid-3 elementor-grid-mobile-1 elementor-posts--thumbnail-top elementor-card-shadow-yes elementor-posts__hover-gradient elementor-widget elementor-widget-posts\" data-id=\"508d4bc0\" data-element_type=\"widget\" data-e-type=\"widget\" data-settings=\"{&quot;cards_columns_tablet&quot;:&quot;1&quot;,&quot;cards_columns&quot;:&quot;3&quot;,&quot;cards_columns_mobile&quot;:&quot;1&quot;,&quot;cards_row_gap&quot;:{&quot;unit&quot;:&quot;px&quot;,&quot;size&quot;:35,&quot;sizes&quot;:[]},&quot;cards_row_gap_tablet&quot;:{&quot;unit&quot;:&quot;px&quot;,&quot;size&quot;:&quot;&quot;,&quot;sizes&quot;:[]},&quot;cards_row_gap_mobile&quot;:{&quot;unit&quot;:&quot;px&quot;,&quot;size&quot;:&quot;&quot;,&quot;sizes&quot;:[]}}\" data-widget_type=\"posts.cards\">\n\t\t\t\t<div class=\"elementor-widget-container\">\n\t\t\t\t\t\t\t<div class=\"elementor-posts-container elementor-posts elementor-posts--skin-cards elementor-grid\" role=\"list\">\n\t\t\t\t<article class=\"elementor-post elementor-grid-item post-45158 post type-post status-publish format-standard has-post-thumbnail hentry category-angola category-africa\" role=\"listitem\">\n\t\t\t<div class=\"elementor-post__card\">\n\t\t\t\t<a class=\"elementor-post__thumbnail__link\" href=\"https:\/\/viatgesvinolas.com\/en\/gransviatges\/africa\/viatge-a-angola-una-joia-per-descobrir\/\" tabindex=\"-1\" ><div class=\"elementor-post__thumbnail\"><img fetchpriority=\"high\" decoding=\"async\" data-attachment-id=\"45159\" data-permalink=\"https:\/\/viatgesvinolas.com\/en\/gransviatges\/africa\/viatge-a-angola-una-joia-per-descobrir\/attachment\/pexels-photo-30237524\/\" data-orig-file=\"https:\/\/i0.wp.com\/viatgesvinolas.com\/wp-content\/uploads\/2026\/04\/pexels-photo-30237524.jpeg?fit=1880%2C1245&amp;ssl=1\" data-orig-size=\"1880,1245\" data-comments-opened=\"0\" data-image-meta=\"{&quot;aperture&quot;:&quot;0&quot;,&quot;credit&quot;:&quot;&quot;,&quot;camera&quot;:&quot;&quot;,&quot;caption&quot;:&quot;Photo by Cardoso Lopes Lopes on &lt;a href=\\&quot;https:\/\/www.pexels.com\/photo\/vibrant-street-carnival-in-luanda-angola-30237524\/\\&quot; rel=\\&quot;nofollow\\&quot;&gt;Pexels.com&lt;\/a&gt;&quot;,&quot;created_timestamp&quot;:&quot;0&quot;,&quot;copyright&quot;:&quot;&quot;,&quot;focal_length&quot;:&quot;0&quot;,&quot;iso&quot;:&quot;0&quot;,&quot;shutter_speed&quot;:&quot;0&quot;,&quot;title&quot;:&quot;vibrant street carnival in luanda angola&quot;,&quot;orientation&quot;:&quot;0&quot;}\" data-image-title=\"pexels-photo-30237524\" data-image-description=\"\" data-image-caption=\"&lt;p&gt;Photo by Cardoso Lopes Lopes on &lt;a href=&quot;https:\/\/www.pexels.com\/photo\/vibrant-street-carnival-in-luanda-angola-30237524\/&quot; rel=&quot;nofollow&quot;&gt;Pexels.com&lt;\/a&gt;&lt;\/p&gt;\n\" data-large-file=\"https:\/\/i0.wp.com\/viatgesvinolas.com\/wp-content\/uploads\/2026\/04\/pexels-photo-30237524.jpeg?fit=1024%2C678&amp;ssl=1\" width=\"300\" height=\"199\" src=\"https:\/\/i0.wp.com\/viatgesvinolas.com\/wp-content\/uploads\/2026\/04\/pexels-photo-30237524.jpeg?fit=300%2C199&amp;ssl=1\" class=\"attachment-medium size-medium wp-image-45159\" alt=\"vibrant street carnival in luanda angola\" srcset=\"https:\/\/i0.wp.com\/viatgesvinolas.com\/wp-content\/uploads\/2026\/04\/pexels-photo-30237524.jpeg?w=1880&amp;ssl=1 1880w, https:\/\/i0.wp.com\/viatgesvinolas.com\/wp-content\/uploads\/2026\/04\/pexels-photo-30237524.jpeg?resize=300%2C199&amp;ssl=1 300w, https:\/\/i0.wp.com\/viatgesvinolas.com\/wp-content\/uploads\/2026\/04\/pexels-photo-30237524.jpeg?resize=1024%2C678&amp;ssl=1 1024w, https:\/\/i0.wp.com\/viatgesvinolas.com\/wp-content\/uploads\/2026\/04\/pexels-photo-30237524.jpeg?resize=768%2C509&amp;ssl=1 768w, https:\/\/i0.wp.com\/viatgesvinolas.com\/wp-content\/uploads\/2026\/04\/pexels-photo-30237524.jpeg?resize=1536%2C1017&amp;ssl=1 1536w, https:\/\/i0.wp.com\/viatgesvinolas.com\/wp-content\/uploads\/2026\/04\/pexels-photo-30237524.jpeg?resize=18%2C12&amp;ssl=1 18w, https:\/\/i0.wp.com\/viatgesvinolas.com\/wp-content\/uploads\/2026\/04\/pexels-photo-30237524.jpeg?resize=600%2C397&amp;ssl=1 600w, https:\/\/i0.wp.com\/viatgesvinolas.com\/wp-content\/uploads\/2026\/04\/pexels-photo-30237524.jpeg?resize=1200%2C795&amp;ssl=1 1200w\" sizes=\"(max-width: 300px) 100vw, 300px\" data-attachment-id=\"45159\" data-permalink=\"https:\/\/viatgesvinolas.com\/en\/gransviatges\/africa\/viatge-a-angola-una-joia-per-descobrir\/attachment\/pexels-photo-30237524\/\" data-orig-file=\"https:\/\/i0.wp.com\/viatgesvinolas.com\/wp-content\/uploads\/2026\/04\/pexels-photo-30237524.jpeg?fit=1880%2C1245&amp;ssl=1\" data-orig-size=\"1880,1245\" data-comments-opened=\"0\" data-image-meta=\"{&quot;aperture&quot;:&quot;0&quot;,&quot;credit&quot;:&quot;&quot;,&quot;camera&quot;:&quot;&quot;,&quot;caption&quot;:&quot;Photo by Cardoso Lopes Lopes on &lt;a href=\\&quot;https:\/\/www.pexels.com\/photo\/vibrant-street-carnival-in-luanda-angola-30237524\/\\&quot; rel=\\&quot;nofollow\\&quot;&gt;Pexels.com&lt;\/a&gt;&quot;,&quot;created_timestamp&quot;:&quot;0&quot;,&quot;copyright&quot;:&quot;&quot;,&quot;focal_length&quot;:&quot;0&quot;,&quot;iso&quot;:&quot;0&quot;,&quot;shutter_speed&quot;:&quot;0&quot;,&quot;title&quot;:&quot;vibrant street carnival in luanda angola&quot;,&quot;orientation&quot;:&quot;0&quot;}\" data-image-title=\"pexels-photo-30237524\" data-image-description=\"\" data-image-caption=\"&lt;p&gt;Photo by Cardoso Lopes Lopes on &lt;a href=&quot;https:\/\/www.pexels.com\/photo\/vibrant-street-carnival-in-luanda-angola-30237524\/&quot; rel=&quot;nofollow&quot;&gt;Pexels.com&lt;\/a&gt;&lt;\/p&gt;\n\" data-large-file=\"https:\/\/i0.wp.com\/viatgesvinolas.com\/wp-content\/uploads\/2026\/04\/pexels-photo-30237524.jpeg?fit=1024%2C678&amp;ssl=1\" \/><\/div><\/a>\n\t\t\t\t<div class=\"elementor-post__text\">\n\t\t\t\t<h3 class=\"elementor-post__title\">\n\t\t\t<a href=\"https:\/\/viatgesvinolas.com\/en\/gransviatges\/africa\/viatge-a-angola-una-joia-per-descobrir\/\" >\n\t\t\t\tViatge a Angola, una joia per descobrir\t\t\t<\/a>\n\t\t<\/h3>\n\t\t\t\t<div class=\"elementor-post__excerpt\">\n\t\t\t\t\t<\/div>\n\t\t\t\t<\/div>\n\t\t\t\t\t<\/div>\n\t\t<\/article>\n\t\t\t\t<article class=\"elementor-post elementor-grid-item post-44974 post type-post status-publish format-standard has-post-thumbnail hentry category-africa category-kenya category-safaris\" role=\"listitem\">\n\t\t\t<div class=\"elementor-post__card\">\n\t\t\t\t<a class=\"elementor-post__thumbnail__link\" href=\"https:\/\/viatgesvinolas.com\/en\/gransviatges\/africa\/viatge-kenya-safari\/\" tabindex=\"-1\" ><div class=\"elementor-post__thumbnail\"><img decoding=\"async\" data-attachment-id=\"44977\" data-permalink=\"https:\/\/viatgesvinolas.com\/en\/gransviatges\/africa\/viatge-kenya-safari\/attachment\/masai-mara-safari-kenya-viatges-vinolas\/\" data-orig-file=\"https:\/\/i0.wp.com\/viatgesvinolas.com\/wp-content\/uploads\/2026\/04\/masai-mara-safari-kenya-viatges-vinolas.jpg?fit=800%2C533&amp;ssl=1\" data-orig-size=\"800,533\" data-comments-opened=\"0\" data-image-meta=\"{&quot;aperture&quot;:&quot;0&quot;,&quot;credit&quot;:&quot;&quot;,&quot;camera&quot;:&quot;&quot;,&quot;caption&quot;:&quot;&quot;,&quot;created_timestamp&quot;:&quot;0&quot;,&quot;copyright&quot;:&quot;&quot;,&quot;focal_length&quot;:&quot;0&quot;,&quot;iso&quot;:&quot;0&quot;,&quot;shutter_speed&quot;:&quot;0&quot;,&quot;title&quot;:&quot;&quot;,&quot;orientation&quot;:&quot;1&quot;}\" data-image-title=\"masai-mara-safari-kenya-viatges-vinolas\" data-image-description=\"\" data-image-caption=\"\" data-large-file=\"https:\/\/i0.wp.com\/viatgesvinolas.com\/wp-content\/uploads\/2026\/04\/masai-mara-safari-kenya-viatges-vinolas.jpg?fit=800%2C533&amp;ssl=1\" width=\"300\" height=\"200\" src=\"https:\/\/i0.wp.com\/viatgesvinolas.com\/wp-content\/uploads\/2026\/04\/masai-mara-safari-kenya-viatges-vinolas.jpg?fit=300%2C200&amp;ssl=1\" class=\"attachment-medium size-medium wp-image-44977\" alt=\"\" srcset=\"https:\/\/i0.wp.com\/viatgesvinolas.com\/wp-content\/uploads\/2026\/04\/masai-mara-safari-kenya-viatges-vinolas.jpg?w=800&amp;ssl=1 800w, https:\/\/i0.wp.com\/viatgesvinolas.com\/wp-content\/uploads\/2026\/04\/masai-mara-safari-kenya-viatges-vinolas.jpg?resize=300%2C200&amp;ssl=1 300w, https:\/\/i0.wp.com\/viatgesvinolas.com\/wp-content\/uploads\/2026\/04\/masai-mara-safari-kenya-viatges-vinolas.jpg?resize=768%2C512&amp;ssl=1 768w, https:\/\/i0.wp.com\/viatgesvinolas.com\/wp-content\/uploads\/2026\/04\/masai-mara-safari-kenya-viatges-vinolas.jpg?resize=18%2C12&amp;ssl=1 18w, https:\/\/i0.wp.com\/viatgesvinolas.com\/wp-content\/uploads\/2026\/04\/masai-mara-safari-kenya-viatges-vinolas.jpg?resize=600%2C400&amp;ssl=1 600w\" sizes=\"(max-width: 300px) 100vw, 300px\" data-attachment-id=\"44977\" data-permalink=\"https:\/\/viatgesvinolas.com\/en\/gransviatges\/africa\/viatge-kenya-safari\/attachment\/masai-mara-safari-kenya-viatges-vinolas\/\" data-orig-file=\"https:\/\/i0.wp.com\/viatgesvinolas.com\/wp-content\/uploads\/2026\/04\/masai-mara-safari-kenya-viatges-vinolas.jpg?fit=800%2C533&amp;ssl=1\" data-orig-size=\"800,533\" data-comments-opened=\"0\" data-image-meta=\"{&quot;aperture&quot;:&quot;0&quot;,&quot;credit&quot;:&quot;&quot;,&quot;camera&quot;:&quot;&quot;,&quot;caption&quot;:&quot;&quot;,&quot;created_timestamp&quot;:&quot;0&quot;,&quot;copyright&quot;:&quot;&quot;,&quot;focal_length&quot;:&quot;0&quot;,&quot;iso&quot;:&quot;0&quot;,&quot;shutter_speed&quot;:&quot;0&quot;,&quot;title&quot;:&quot;&quot;,&quot;orientation&quot;:&quot;1&quot;}\" data-image-title=\"masai-mara-safari-kenya-viatges-vinolas\" data-image-description=\"\" data-image-caption=\"\" data-large-file=\"https:\/\/i0.wp.com\/viatgesvinolas.com\/wp-content\/uploads\/2026\/04\/masai-mara-safari-kenya-viatges-vinolas.jpg?fit=800%2C533&amp;ssl=1\" \/><\/div><\/a>\n\t\t\t\t<div class=\"elementor-post__text\">\n\t\t\t\t<h3 class=\"elementor-post__title\">\n\t\t\t<a href=\"https:\/\/viatgesvinolas.com\/en\/gransviatges\/africa\/viatge-kenya-safari\/\" >\n\t\t\t\tViatge a Kenya: safari Samburu, Masai Mara i Vall del Rift en 8 dies\t\t\t<\/a>\n\t\t<\/h3>\n\t\t\t\t<div class=\"elementor-post__excerpt\">\n\t\t\t<p>Viatge de 8 dies a Kenya amb safari al Parc Nacional Samburu, les llaneres del Masai Mara i la Vall del Rift. Natura salvatge i paisatges incre\u00efbles en un viatge per recordar.<\/p>\n\t\t<\/div>\n\t\t\t\t<\/div>\n\t\t\t\t\t<\/div>\n\t\t<\/article>\n\t\t\t\t<article class=\"elementor-post elementor-grid-item post-44911 post type-post status-publish format-standard has-post-thumbnail hentry category-europa category-turquia\" role=\"listitem\">\n\t\t\t<div class=\"elementor-post__card\">\n\t\t\t\t<a class=\"elementor-post__thumbnail__link\" href=\"https:\/\/viatgesvinolas.com\/en\/gransviatges\/europa\/essencial-turquia\/\" tabindex=\"-1\" ><div class=\"elementor-post__thumbnail\"><img decoding=\"async\" data-attachment-id=\"44913\" data-permalink=\"https:\/\/viatgesvinolas.com\/en\/gransviatges\/europa\/essencial-turquia\/attachment\/capadocia-essencial-turquia-viatges-vinolas\/\" data-orig-file=\"https:\/\/i0.wp.com\/viatgesvinolas.com\/wp-content\/uploads\/2026\/04\/capadocia-essencial-turquia-viatges-vinolas.jpg?fit=600%2C480&amp;ssl=1\" data-orig-size=\"600,480\" data-comments-opened=\"0\" data-image-meta=\"{&quot;aperture&quot;:&quot;0&quot;,&quot;credit&quot;:&quot;&quot;,&quot;camera&quot;:&quot;&quot;,&quot;caption&quot;:&quot;&quot;,&quot;created_timestamp&quot;:&quot;0&quot;,&quot;copyright&quot;:&quot;&quot;,&quot;focal_length&quot;:&quot;0&quot;,&quot;iso&quot;:&quot;0&quot;,&quot;shutter_speed&quot;:&quot;0&quot;,&quot;title&quot;:&quot;&quot;,&quot;orientation&quot;:&quot;1&quot;}\" data-image-title=\"capadocia-essencial-turquia-viatges-vinolas\" data-image-description=\"\" data-image-caption=\"\" data-large-file=\"https:\/\/i0.wp.com\/viatgesvinolas.com\/wp-content\/uploads\/2026\/04\/capadocia-essencial-turquia-viatges-vinolas.jpg?fit=600%2C480&amp;ssl=1\" width=\"300\" height=\"240\" src=\"https:\/\/i0.wp.com\/viatgesvinolas.com\/wp-content\/uploads\/2026\/04\/capadocia-essencial-turquia-viatges-vinolas.jpg?fit=300%2C240&amp;ssl=1\" class=\"attachment-medium size-medium wp-image-44913\" alt=\"\" srcset=\"https:\/\/i0.wp.com\/viatgesvinolas.com\/wp-content\/uploads\/2026\/04\/capadocia-essencial-turquia-viatges-vinolas.jpg?w=600&amp;ssl=1 600w, https:\/\/i0.wp.com\/viatgesvinolas.com\/wp-content\/uploads\/2026\/04\/capadocia-essencial-turquia-viatges-vinolas.jpg?resize=300%2C240&amp;ssl=1 300w, https:\/\/i0.wp.com\/viatgesvinolas.com\/wp-content\/uploads\/2026\/04\/capadocia-essencial-turquia-viatges-vinolas.jpg?resize=15%2C12&amp;ssl=1 15w\" sizes=\"(max-width: 300px) 100vw, 300px\" data-attachment-id=\"44913\" data-permalink=\"https:\/\/viatgesvinolas.com\/en\/gransviatges\/europa\/essencial-turquia\/attachment\/capadocia-essencial-turquia-viatges-vinolas\/\" data-orig-file=\"https:\/\/i0.wp.com\/viatgesvinolas.com\/wp-content\/uploads\/2026\/04\/capadocia-essencial-turquia-viatges-vinolas.jpg?fit=600%2C480&amp;ssl=1\" data-orig-size=\"600,480\" data-comments-opened=\"0\" data-image-meta=\"{&quot;aperture&quot;:&quot;0&quot;,&quot;credit&quot;:&quot;&quot;,&quot;camera&quot;:&quot;&quot;,&quot;caption&quot;:&quot;&quot;,&quot;created_timestamp&quot;:&quot;0&quot;,&quot;copyright&quot;:&quot;&quot;,&quot;focal_length&quot;:&quot;0&quot;,&quot;iso&quot;:&quot;0&quot;,&quot;shutter_speed&quot;:&quot;0&quot;,&quot;title&quot;:&quot;&quot;,&quot;orientation&quot;:&quot;1&quot;}\" data-image-title=\"capadocia-essencial-turquia-viatges-vinolas\" data-image-description=\"\" data-image-caption=\"\" data-large-file=\"https:\/\/i0.wp.com\/viatgesvinolas.com\/wp-content\/uploads\/2026\/04\/capadocia-essencial-turquia-viatges-vinolas.jpg?fit=600%2C480&amp;ssl=1\" \/><\/div><\/a>\n\t\t\t\t<div class=\"elementor-post__text\">\n\t\t\t\t<h3 class=\"elementor-post__title\">\n\t\t\t<a href=\"https:\/\/viatgesvinolas.com\/en\/gransviatges\/europa\/essencial-turquia\/\" >\n\t\t\t\tEssencial Turquia\t\t\t<\/a>\n\t\t<\/h3>\n\t\t\t\t<div class=\"elementor-post__excerpt\">\n\t\t\t<p>Descobreix els imprescindibles de Turquia, com Istanbul, Capad\u00f2cia i Efes, entre d&#8217;altres, amb aquest viatge de 9 dies tot descobrint la seva hist\u00f2ria, paisatges, gastronomia i tresors.<\/p>\n\t\t<\/div>\n\t\t\t\t<\/div>\n\t\t\t\t\t<\/div>\n\t\t<\/article>\n\t\t\t\t<\/div>\n\t\t\n\t\t\t\t\t\t<\/div>\n\t\t\t\t<\/div>\n\t\t\t\t<\/div>\n\t\t\t\t\t<\/div>\n\t\t\t\t<\/div>\n\t\t\t\t<\/div>\n\t\t","protected":false},"excerpt":{"rendered":"<p>Viatge de 12 nits recorrent Col\u00f2mbia per con\u00e8ixer la seva ess\u00e8ncia. Amb visites a Bogot\u00e0, Eje Cafetero, Santa Marta, Tayrona i Cartagena de Indias.<\/p>","protected":false},"author":192447020,"featured_media":38808,"comment_status":"closed","ping_status":"open","sticky":false,"template":"elementor_header_footer","format":"standard","meta":{"_crdt_document":"","content-type":"","_jetpack_newsletter_access":"","_jetpack_dont_email_post_to_subs":false,"_jetpack_newsletter_tier_id":0,"_jetpack_memberships_contains_paywalled_content":false,"_jetpack_memberships_contains_paid_content":false,"footnotes":"","jetpack_publicize_message":"","jetpack_publicize_feature_enabled":true,"jetpack_social_post_already_shared":true,"jetpack_social_options":{"image_generator_settings":{"template":"highway","default_image_id":0,"font":"","enabled":false},"version":2},"_wpas_customize_per_network":false,"jetpack_post_was_ever_published":false},"categories":[121859,121925,121851],"tags":[],"class_list":["post-42313","post","type-post","status-publish","format-standard","has-post-thumbnail","hentry","category-america-del-sud","category-colombia","category-gransviatges"],"jetpack_publicize_connections":[],"jetpack_featured_media_url":"https:\/\/i0.wp.com\/viatgesvinolas.com\/wp-content\/uploads\/2025\/08\/colombia-cover-home.jpg?fit=1920%2C1280&ssl=1","jetpack_likes_enabled":false,"jetpack_sharing_enabled":true,"jetpack_shortlink":"https:\/\/wp.me\/pcwC79-b0t","_links":{"self":[{"href":"https:\/\/viatgesvinolas.com\/en\/wp-json\/wp\/v2\/posts\/42313","targetHints":{"allow":["GET"]}}],"collection":[{"href":"https:\/\/viatgesvinolas.com\/en\/wp-json\/wp\/v2\/posts"}],"about":[{"href":"https:\/\/viatgesvinolas.com\/en\/wp-json\/wp\/v2\/types\/post"}],"author":[{"embeddable":true,"href":"https:\/\/viatgesvinolas.com\/en\/wp-json\/wp\/v2\/users\/192447020"}],"replies":[{"embeddable":true,"href":"https:\/\/viatgesvinolas.com\/en\/wp-json\/wp\/v2\/comments?post=42313"}],"version-history":[{"count":62,"href":"https:\/\/viatgesvinolas.com\/en\/wp-json\/wp\/v2\/posts\/42313\/revisions"}],"predecessor-version":[{"id":42498,"href":"https:\/\/viatgesvinolas.com\/en\/wp-json\/wp\/v2\/posts\/42313\/revisions\/42498"}],"wp:featuredmedia":[{"embeddable":true,"href":"https:\/\/viatgesvinolas.com\/en\/wp-json\/wp\/v2\/media\/38808"}],"wp:attachment":[{"href":"https:\/\/viatgesvinolas.com\/en\/wp-json\/wp\/v2\/media?parent=42313"}],"wp:term":[{"taxonomy":"category","embeddable":true,"href":"https:\/\/viatgesvinolas.com\/en\/wp-json\/wp\/v2\/categories?post=42313"},{"taxonomy":"post_tag","embeddable":true,"href":"https:\/\/viatgesvinolas.com\/en\/wp-json\/wp\/v2\/tags?post=42313"}],"curies":[{"name":"wp","href":"https:\/\/api.w.org\/{rel}","templated":true}]}}