{"id":35809,"date":"2025-03-17T16:17:15","date_gmt":"2025-03-17T15:17:15","guid":{"rendered":"https:\/\/viatgesvinolas.com\/?p=35809"},"modified":"2025-06-27T12:44:06","modified_gmt":"2025-06-27T10:44:06","slug":"viatge-de-9-dies-a-polonia","status":"publish","type":"post","link":"https:\/\/viatgesvinolas.com\/fr\/gransviatges\/europa\/viatge-de-9-dies-a-polonia\/","title":{"rendered":"Viatge de 9 dies a Pol\u00f2nia"},"content":{"rendered":"\t\t<div data-elementor-type=\"wp-post\" data-elementor-id=\"35809\" class=\"elementor elementor-35809\" data-elementor-post-type=\"post\">\n\t\t\t\t<div class=\"elementor-element elementor-element-afe788a e-con-full e-flex e-con e-parent\" data-id=\"afe788a\" data-element_type=\"container\" data-e-type=\"container\" data-settings=\"{&quot;background_background&quot;:&quot;video&quot;,&quot;background_video_link&quot;:&quot;https:\\\/\\\/viatgesvinolas.com\\\/wp-content\\\/uploads\\\/2025\\\/04\\\/breslau-polonia-background.mp4&quot;,&quot;jet_parallax_layout_list&quot;:[],&quot;background_play_on_mobile&quot;:&quot;yes&quot;}\">\n\t\t<div class=\"elementor-background-video-container\">\n\t\t\t\t\t\t\t<video class=\"elementor-background-video-hosted\" role=\"presentation\" autoplay muted playsinline loop><\/video>\n\t\t\t\t\t<\/div>\t\t<\/div>\n\t\t<div class=\"elementor-element elementor-element-3fe56f9 e-flex e-con-boxed e-con e-parent\" data-id=\"3fe56f9\" data-element_type=\"container\" data-e-type=\"container\" data-settings=\"{&quot;jet_parallax_layout_list&quot;:[{&quot;jet_parallax_layout_image&quot;:{&quot;url&quot;:&quot;&quot;,&quot;id&quot;:&quot;&quot;,&quot;size&quot;:&quot;&quot;},&quot;_id&quot;:&quot;b0b005b&quot;,&quot;jet_parallax_layout_image_tablet&quot;:{&quot;url&quot;:&quot;&quot;,&quot;id&quot;:&quot;&quot;,&quot;size&quot;:&quot;&quot;},&quot;jet_parallax_layout_image_mobile&quot;:{&quot;url&quot;:&quot;&quot;,&quot;id&quot;:&quot;&quot;,&quot;size&quot;:&quot;&quot;},&quot;jet_parallax_layout_speed&quot;:{&quot;unit&quot;:&quot;%&quot;,&quot;size&quot;:50,&quot;sizes&quot;:[]},&quot;jet_parallax_layout_type&quot;:&quot;scroll&quot;,&quot;jet_parallax_layout_direction&quot;:&quot;1&quot;,&quot;jet_parallax_layout_fx_direction&quot;:null,&quot;jet_parallax_layout_z_index&quot;:&quot;&quot;,&quot;jet_parallax_layout_bg_x&quot;:50,&quot;jet_parallax_layout_bg_x_tablet&quot;:&quot;&quot;,&quot;jet_parallax_layout_bg_x_mobile&quot;:&quot;&quot;,&quot;jet_parallax_layout_bg_y&quot;:50,&quot;jet_parallax_layout_bg_y_tablet&quot;:&quot;&quot;,&quot;jet_parallax_layout_bg_y_mobile&quot;:&quot;&quot;,&quot;jet_parallax_layout_bg_size&quot;:&quot;auto&quot;,&quot;jet_parallax_layout_bg_size_tablet&quot;:&quot;&quot;,&quot;jet_parallax_layout_bg_size_mobile&quot;:&quot;&quot;,&quot;jet_parallax_layout_animation_prop&quot;:&quot;transform&quot;,&quot;jet_parallax_layout_on&quot;:[&quot;desktop&quot;,&quot;tablet&quot;]}]}\">\n\t\t\t\t\t<div class=\"e-con-inner\">\n\t\t<div class=\"elementor-element elementor-element-4a13307 e-con-full e-flex e-con e-child\" data-id=\"4a13307\" data-element_type=\"container\" data-e-type=\"container\" data-settings=\"{&quot;background_background&quot;:&quot;classic&quot;,&quot;jet_parallax_layout_list&quot;:[]}\">\n\t\t\t\t<div class=\"elementor-element elementor-element-f4a4fd0 elementor-widget elementor-widget-post-info\" data-id=\"f4a4fd0\" data-element_type=\"widget\" data-e-type=\"widget\" data-widget_type=\"post-info.default\">\n\t\t\t\t<div class=\"elementor-widget-container\">\n\t\t\t\t\t\t\t<ul class=\"elementor-inline-items elementor-icon-list-items elementor-post-info\">\n\t\t\t\t\t\t\t\t<li class=\"elementor-icon-list-item elementor-repeater-item-8e72a6a elementor-inline-item\" itemprop=\"about\">\n\t\t\t\t\t\t\t\t\t\t<span class=\"elementor-icon-list-icon\">\n\t\t\t\t\t\t\t\t<svg aria-hidden=\"true\" class=\"e-font-icon-svg e-fas-tags\" viewBox=\"0 0 640 512\" xmlns=\"http:\/\/www.w3.org\/2000\/svg\"><path d=\"M497.941 225.941L286.059 14.059A48 48 0 0 0 252.118 0H48C21.49 0 0 21.49 0 48v204.118a48 48 0 0 0 14.059 33.941l211.882 211.882c18.744 18.745 49.136 18.746 67.882 0l204.118-204.118c18.745-18.745 18.745-49.137 0-67.882zM112 160c-26.51 0-48-21.49-48-48s21.49-48 48-48 48 21.49 48 48-21.49 48-48 48zm513.941 133.823L421.823 497.941c-18.745 18.745-49.137 18.745-67.882 0l-.36-.36L527.64 323.522c16.999-16.999 26.36-39.6 26.36-63.64s-9.362-46.641-26.36-63.64L331.397 0h48.721a48 48 0 0 1 33.941 14.059l211.882 211.882c18.745 18.745 18.745 49.137 0 67.882z\"><\/path><\/svg>\t\t\t\t\t\t\t<\/span>\n\t\t\t\t\t\t\t\t\t<span class=\"elementor-icon-list-text elementor-post-info__item elementor-post-info__item--type-terms\">\n\t\t\t\t\t\t\t\t\t\t<span class=\"elementor-post-info__terms-list\">\n\t\t\t\t<a href=\"https:\/\/viatgesvinolas.com\/fr\/category\/gransviatges\/europa\/\" class=\"elementor-post-info__terms-list-item\">Europa<\/a>, <a href=\"https:\/\/viatgesvinolas.com\/fr\/category\/gransviatges\/europa\/polonia\/\" class=\"elementor-post-info__terms-list-item\">Pol\u00f2nia<\/a>\t\t\t\t<\/span>\n\t\t\t\t\t<\/span>\n\t\t\t\t\t\t\t\t<\/li>\n\t\t\t\t<\/ul>\n\t\t\t\t\t\t<\/div>\n\t\t\t\t<\/div>\n\t\t\t\t<div class=\"elementor-element elementor-element-21f71f3 elementor-widget elementor-widget-spacer\" data-id=\"21f71f3\" data-element_type=\"widget\" data-e-type=\"widget\" data-widget_type=\"spacer.default\">\n\t\t\t\t<div class=\"elementor-widget-container\">\n\t\t\t\t\t\t\t<div class=\"elementor-spacer\">\n\t\t\t<div class=\"elementor-spacer-inner\"><\/div>\n\t\t<\/div>\n\t\t\t\t\t\t<\/div>\n\t\t\t\t<\/div>\n\t\t\t\t<div class=\"elementor-element elementor-element-4cf1d93 elementor-widget elementor-widget-heading\" data-id=\"4cf1d93\" data-element_type=\"widget\" data-e-type=\"widget\" data-widget_type=\"heading.default\">\n\t\t\t\t<div class=\"elementor-widget-container\">\n\t\t\t\t\t<h1 class=\"elementor-heading-title elementor-size-default\">VIATGE A POL\u00d2NIA DE 9 DIES<\/h1>\t\t\t\t<\/div>\n\t\t\t\t<\/div>\n\t\t\t\t<div class=\"elementor-element elementor-element-418ff05 elementor-widget elementor-widget-spacer\" data-id=\"418ff05\" data-element_type=\"widget\" data-e-type=\"widget\" data-widget_type=\"spacer.default\">\n\t\t\t\t<div class=\"elementor-widget-container\">\n\t\t\t\t\t\t\t<div class=\"elementor-spacer\">\n\t\t\t<div class=\"elementor-spacer-inner\"><\/div>\n\t\t<\/div>\n\t\t\t\t\t\t<\/div>\n\t\t\t\t<\/div>\n\t\t\t\t<div class=\"elementor-element elementor-element-fb0cb1e elementor-widget elementor-widget-text-editor\" data-id=\"fb0cb1e\" data-element_type=\"widget\" data-e-type=\"widget\" data-widget_type=\"text-editor.default\">\n\t\t\t\t<div class=\"elementor-widget-container\">\n\t\t\t\t\t\t\t\t\t<p>Un viatge a Pol\u00f2nia no \u00e9s nom\u00e9s una oportunitat per visitar els llocs d\u2019inter\u00e8s hist\u00f2ric, sin\u00f3 tamb\u00e9 per gaudir de la seva cuina tradicional i aprofitar l\u2019oportunitat per con\u00e8ixer la cultura i l\u2019art polon\u00e8s, aix\u00ed com els seus vincles amb les tradicions europees. Aquesta ruta de 9 dies s&#8217;atura 2 nits a Vars\u00f2via, 2 nits a Crac\u00f2via, 1 nit a Breslau, 1 nit a Torun i 2 nits a Gdansk.<\/p>\n<p>Amb aquest circuit podr\u00e0s descobrir les ciutats m\u00e9s importants de Pol\u00f2nia i les hist\u00f2ries amagades entre els seus murs, sentir l\u2019hospitalitat polonesa, el llegat art\u00edstic, cultural i artesanal del pa\u00eds, i assaborir plats t\u00edpics, la degustaci\u00f3 productes i licors locals.<\/p>\n<p>Alguns dels moments destacats del viatge seran visitar les impressionants mines de sal de Wieliczka, visitar la ciutat medieval de Torun, tastar cerveses locals a Breslau, i explorar la ciutat portu\u00e0ria Gdansk.<\/p>\n<p>Tot aix\u00f2 sense oblidar les parades obligat\u00f2ries a llocs carregats d\u2019hist\u00f2ria: els camps de concentraci\u00f3 d\u2019Auschwitz-Birkenau, l\u2019arquitectura de Vars\u00f2via o Olsztynek, ciutat oblidada pel temps.<\/p>\t\t\t\t\t\t\t\t<\/div>\n\t\t\t\t<\/div>\n\t\t\t\t<\/div>\n\t\t\t\t\t<\/div>\n\t\t\t\t<\/div>\n\t\t<div class=\"elementor-element elementor-element-21c517c e-flex e-con-boxed e-con e-parent\" data-id=\"21c517c\" data-element_type=\"container\" data-e-type=\"container\" data-settings=\"{&quot;jet_parallax_layout_list&quot;:[{&quot;jet_parallax_layout_image&quot;:{&quot;url&quot;:&quot;&quot;,&quot;id&quot;:&quot;&quot;,&quot;size&quot;:&quot;&quot;},&quot;_id&quot;:&quot;b0b005b&quot;,&quot;jet_parallax_layout_image_tablet&quot;:{&quot;url&quot;:&quot;&quot;,&quot;id&quot;:&quot;&quot;,&quot;size&quot;:&quot;&quot;},&quot;jet_parallax_layout_image_mobile&quot;:{&quot;url&quot;:&quot;&quot;,&quot;id&quot;:&quot;&quot;,&quot;size&quot;:&quot;&quot;},&quot;jet_parallax_layout_speed&quot;:{&quot;unit&quot;:&quot;%&quot;,&quot;size&quot;:50,&quot;sizes&quot;:[]},&quot;jet_parallax_layout_type&quot;:&quot;scroll&quot;,&quot;jet_parallax_layout_direction&quot;:&quot;1&quot;,&quot;jet_parallax_layout_fx_direction&quot;:null,&quot;jet_parallax_layout_z_index&quot;:&quot;&quot;,&quot;jet_parallax_layout_bg_x&quot;:50,&quot;jet_parallax_layout_bg_x_tablet&quot;:&quot;&quot;,&quot;jet_parallax_layout_bg_x_mobile&quot;:&quot;&quot;,&quot;jet_parallax_layout_bg_y&quot;:50,&quot;jet_parallax_layout_bg_y_tablet&quot;:&quot;&quot;,&quot;jet_parallax_layout_bg_y_mobile&quot;:&quot;&quot;,&quot;jet_parallax_layout_bg_size&quot;:&quot;auto&quot;,&quot;jet_parallax_layout_bg_size_tablet&quot;:&quot;&quot;,&quot;jet_parallax_layout_bg_size_mobile&quot;:&quot;&quot;,&quot;jet_parallax_layout_animation_prop&quot;:&quot;transform&quot;,&quot;jet_parallax_layout_on&quot;:[&quot;desktop&quot;,&quot;tablet&quot;]}]}\">\n\t\t\t\t\t<div class=\"e-con-inner\">\n\t\t<div class=\"elementor-element elementor-element-a51d8a5 e-con-full e-flex e-con e-child\" data-id=\"a51d8a5\" data-element_type=\"container\" data-e-type=\"container\" data-settings=\"{&quot;background_background&quot;:&quot;classic&quot;,&quot;jet_parallax_layout_list&quot;:[]}\">\n\t\t\t\t<div class=\"elementor-element elementor-element-7b0401f elementor-view-default elementor-position-block-start elementor-mobile-position-block-start elementor-widget elementor-widget-icon-box\" data-id=\"7b0401f\" data-element_type=\"widget\" data-e-type=\"widget\" data-widget_type=\"icon-box.default\">\n\t\t\t\t<div class=\"elementor-widget-container\">\n\t\t\t\t\t\t\t<div class=\"elementor-icon-box-wrapper\">\n\n\t\t\t\t\t\t<div class=\"elementor-icon-box-icon\">\n\t\t\t\t<span  class=\"elementor-icon\">\n\t\t\t\t<svg aria-hidden=\"true\" class=\"e-font-icon-svg e-fas-globe-africa\" viewBox=\"0 0 496 512\" xmlns=\"http:\/\/www.w3.org\/2000\/svg\"><path d=\"M248 8C111.03 8 0 119.03 0 256s111.03 248 248 248 248-111.03 248-248S384.97 8 248 8zm160 215.5v6.93c0 5.87-3.32 11.24-8.57 13.86l-15.39 7.7a15.485 15.485 0 0 1-15.53-.97l-18.21-12.14a15.52 15.52 0 0 0-13.5-1.81l-2.65.88c-9.7 3.23-13.66 14.79-7.99 23.3l13.24 19.86c2.87 4.31 7.71 6.9 12.89 6.9h8.21c8.56 0 15.5 6.94 15.5 15.5v11.34c0 3.35-1.09 6.62-3.1 9.3l-18.74 24.98c-1.42 1.9-2.39 4.1-2.83 6.43l-4.3 22.83c-.62 3.29-2.29 6.29-4.76 8.56a159.608 159.608 0 0 0-25 29.16l-13.03 19.55a27.756 27.756 0 0 1-23.09 12.36c-10.51 0-20.12-5.94-24.82-15.34a78.902 78.902 0 0 1-8.33-35.29V367.5c0-8.56-6.94-15.5-15.5-15.5h-25.88c-14.49 0-28.38-5.76-38.63-16a54.659 54.659 0 0 1-16-38.63v-14.06c0-17.19 8.1-33.38 21.85-43.7l27.58-20.69a54.663 54.663 0 0 1 32.78-10.93h.89c8.48 0 16.85 1.97 24.43 5.77l14.72 7.36c3.68 1.84 7.93 2.14 11.83.84l47.31-15.77c6.33-2.11 10.6-8.03 10.6-14.7 0-8.56-6.94-15.5-15.5-15.5h-10.09c-4.11 0-8.05-1.63-10.96-4.54l-6.92-6.92a15.493 15.493 0 0 0-10.96-4.54H199.5c-8.56 0-15.5-6.94-15.5-15.5v-4.4c0-7.11 4.84-13.31 11.74-15.04l14.45-3.61c3.74-.94 7-3.23 9.14-6.44l8.08-12.11c2.87-4.31 7.71-6.9 12.89-6.9h24.21c8.56 0 15.5-6.94 15.5-15.5v-21.7C359.23 71.63 422.86 131.02 441.93 208H423.5c-8.56 0-15.5 6.94-15.5 15.5z\"><\/path><\/svg>\t\t\t\t<\/span>\n\t\t\t<\/div>\n\t\t\t\n\t\t\t\t\t\t<div class=\"elementor-icon-box-content\">\n\n\t\t\t\t\t\t\t\t\t<h3 class=\"elementor-icon-box-title\">\n\t\t\t\t\t\t<span  >\n\t\t\t\t\t\t\tPol\u00f2nia\t\t\t\t\t\t<\/span>\n\t\t\t\t\t<\/h3>\n\t\t\t\t\n\t\t\t\t\n\t\t\t<\/div>\n\t\t\t\n\t\t<\/div>\n\t\t\t\t\t\t<\/div>\n\t\t\t\t<\/div>\n\t\t\t\t<\/div>\n\t\t<div class=\"elementor-element elementor-element-5dfdd1b e-con-full e-flex e-con e-child\" data-id=\"5dfdd1b\" data-element_type=\"container\" data-e-type=\"container\" data-settings=\"{&quot;background_background&quot;:&quot;classic&quot;,&quot;jet_parallax_layout_list&quot;:[]}\">\n\t\t\t\t<div class=\"elementor-element elementor-element-8baa205 elementor-view-default elementor-position-block-start elementor-mobile-position-block-start elementor-widget elementor-widget-icon-box\" data-id=\"8baa205\" data-element_type=\"widget\" data-e-type=\"widget\" data-widget_type=\"icon-box.default\">\n\t\t\t\t<div class=\"elementor-widget-container\">\n\t\t\t\t\t\t\t<div class=\"elementor-icon-box-wrapper\">\n\n\t\t\t\t\t\t<div class=\"elementor-icon-box-icon\">\n\t\t\t\t<span  class=\"elementor-icon\">\n\t\t\t\t<svg aria-hidden=\"true\" class=\"e-font-icon-svg e-fas-plane\" viewBox=\"0 0 576 512\" xmlns=\"http:\/\/www.w3.org\/2000\/svg\"><path d=\"M480 192H365.71L260.61 8.06A16.014 16.014 0 0 0 246.71 0h-65.5c-10.63 0-18.3 10.17-15.38 20.39L214.86 192H112l-43.2-57.6c-3.02-4.03-7.77-6.4-12.8-6.4H16.01C5.6 128-2.04 137.78.49 147.88L32 256 .49 364.12C-2.04 374.22 5.6 384 16.01 384H56c5.04 0 9.78-2.37 12.8-6.4L112 320h102.86l-49.03 171.6c-2.92 10.22 4.75 20.4 15.38 20.4h65.5c5.74 0 11.04-3.08 13.89-8.06L365.71 320H480c35.35 0 96-28.65 96-64s-60.65-64-96-64z\"><\/path><\/svg>\t\t\t\t<\/span>\n\t\t\t<\/div>\n\t\t\t\n\t\t\t\t\t\t<div class=\"elementor-icon-box-content\">\n\n\t\t\t\t\t\t\t\t\t<h3 class=\"elementor-icon-box-title\">\n\t\t\t\t\t\t<span  >\n\t\t\t\t\t\t\tViatge en avi\u00f3\t\t\t\t\t\t<\/span>\n\t\t\t\t\t<\/h3>\n\t\t\t\t\n\t\t\t\t\n\t\t\t<\/div>\n\t\t\t\n\t\t<\/div>\n\t\t\t\t\t\t<\/div>\n\t\t\t\t<\/div>\n\t\t\t\t<\/div>\n\t\t<div class=\"elementor-element elementor-element-5039521 e-con-full e-flex e-con e-child\" data-id=\"5039521\" data-element_type=\"container\" data-e-type=\"container\" data-settings=\"{&quot;background_background&quot;:&quot;classic&quot;,&quot;jet_parallax_layout_list&quot;:[]}\">\n\t\t\t\t<div class=\"elementor-element elementor-element-0742910 elementor-view-default elementor-position-block-start elementor-mobile-position-block-start elementor-widget elementor-widget-icon-box\" data-id=\"0742910\" data-element_type=\"widget\" data-e-type=\"widget\" data-widget_type=\"icon-box.default\">\n\t\t\t\t<div class=\"elementor-widget-container\">\n\t\t\t\t\t\t\t<div class=\"elementor-icon-box-wrapper\">\n\n\t\t\t\t\t\t<div class=\"elementor-icon-box-icon\">\n\t\t\t\t<span  class=\"elementor-icon\">\n\t\t\t\t<svg aria-hidden=\"true\" class=\"e-font-icon-svg e-fas-map-marked-alt\" viewBox=\"0 0 576 512\" xmlns=\"http:\/\/www.w3.org\/2000\/svg\"><path d=\"M288 0c-69.59 0-126 56.41-126 126 0 56.26 82.35 158.8 113.9 196.02 6.39 7.54 17.82 7.54 24.2 0C331.65 284.8 414 182.26 414 126 414 56.41 357.59 0 288 0zm0 168c-23.2 0-42-18.8-42-42s18.8-42 42-42 42 18.8 42 42-18.8 42-42 42zM20.12 215.95A32.006 32.006 0 0 0 0 245.66v250.32c0 11.32 11.43 19.06 21.94 14.86L160 448V214.92c-8.84-15.98-16.07-31.54-21.25-46.42L20.12 215.95zM288 359.67c-14.07 0-27.38-6.18-36.51-16.96-19.66-23.2-40.57-49.62-59.49-76.72v182l192 64V266c-18.92 27.09-39.82 53.52-59.49 76.72-9.13 10.77-22.44 16.95-36.51 16.95zm266.06-198.51L416 224v288l139.88-55.95A31.996 31.996 0 0 0 576 426.34V176.02c0-11.32-11.43-19.06-21.94-14.86z\"><\/path><\/svg>\t\t\t\t<\/span>\n\t\t\t<\/div>\n\t\t\t\n\t\t\t\t\t\t<div class=\"elementor-icon-box-content\">\n\n\t\t\t\t\t\t\t\t\t<h3 class=\"elementor-icon-box-title\">\n\t\t\t\t\t\t<span  >\n\t\t\t\t\t\t\tViatge de 9 dies\t\t\t\t\t\t<\/span>\n\t\t\t\t\t<\/h3>\n\t\t\t\t\n\t\t\t\t\n\t\t\t<\/div>\n\t\t\t\n\t\t<\/div>\n\t\t\t\t\t\t<\/div>\n\t\t\t\t<\/div>\n\t\t\t\t<\/div>\n\t\t\t\t\t<\/div>\n\t\t\t\t<\/div>\n\t\t<div class=\"elementor-element elementor-element-d858465 e-flex e-con-boxed e-con e-parent\" data-id=\"d858465\" data-element_type=\"container\" data-e-type=\"container\" data-settings=\"{&quot;jet_parallax_layout_list&quot;:[{&quot;jet_parallax_layout_image&quot;:{&quot;url&quot;:&quot;&quot;,&quot;id&quot;:&quot;&quot;,&quot;size&quot;:&quot;&quot;},&quot;_id&quot;:&quot;b0b005b&quot;,&quot;jet_parallax_layout_image_tablet&quot;:{&quot;url&quot;:&quot;&quot;,&quot;id&quot;:&quot;&quot;,&quot;size&quot;:&quot;&quot;},&quot;jet_parallax_layout_image_mobile&quot;:{&quot;url&quot;:&quot;&quot;,&quot;id&quot;:&quot;&quot;,&quot;size&quot;:&quot;&quot;},&quot;jet_parallax_layout_speed&quot;:{&quot;unit&quot;:&quot;%&quot;,&quot;size&quot;:50,&quot;sizes&quot;:[]},&quot;jet_parallax_layout_type&quot;:&quot;scroll&quot;,&quot;jet_parallax_layout_direction&quot;:&quot;1&quot;,&quot;jet_parallax_layout_fx_direction&quot;:null,&quot;jet_parallax_layout_z_index&quot;:&quot;&quot;,&quot;jet_parallax_layout_bg_x&quot;:50,&quot;jet_parallax_layout_bg_x_tablet&quot;:&quot;&quot;,&quot;jet_parallax_layout_bg_x_mobile&quot;:&quot;&quot;,&quot;jet_parallax_layout_bg_y&quot;:50,&quot;jet_parallax_layout_bg_y_tablet&quot;:&quot;&quot;,&quot;jet_parallax_layout_bg_y_mobile&quot;:&quot;&quot;,&quot;jet_parallax_layout_bg_size&quot;:&quot;auto&quot;,&quot;jet_parallax_layout_bg_size_tablet&quot;:&quot;&quot;,&quot;jet_parallax_layout_bg_size_mobile&quot;:&quot;&quot;,&quot;jet_parallax_layout_animation_prop&quot;:&quot;transform&quot;,&quot;jet_parallax_layout_on&quot;:[&quot;desktop&quot;,&quot;tablet&quot;]}]}\">\n\t\t\t\t\t<div class=\"e-con-inner\">\n\t\t<div class=\"elementor-element elementor-element-6e7ca48 e-con-full e-flex e-con e-child\" data-id=\"6e7ca48\" data-element_type=\"container\" data-e-type=\"container\" data-settings=\"{&quot;background_background&quot;:&quot;classic&quot;,&quot;jet_parallax_layout_list&quot;:[]}\">\n\t\t\t\t<div class=\"elementor-element elementor-element-6661c1a elementor-view-default elementor-position-block-start elementor-mobile-position-block-start elementor-widget elementor-widget-icon-box\" data-id=\"6661c1a\" data-element_type=\"widget\" data-e-type=\"widget\" data-widget_type=\"icon-box.default\">\n\t\t\t\t<div class=\"elementor-widget-container\">\n\t\t\t\t\t\t\t<div class=\"elementor-icon-box-wrapper\">\n\n\t\t\t\t\t\t<div class=\"elementor-icon-box-icon\">\n\t\t\t\t<span  class=\"elementor-icon\">\n\t\t\t\t<svg aria-hidden=\"true\" class=\"e-font-icon-svg e-fas-hotel\" viewBox=\"0 0 576 512\" xmlns=\"http:\/\/www.w3.org\/2000\/svg\"><path d=\"M560 64c8.84 0 16-7.16 16-16V16c0-8.84-7.16-16-16-16H16C7.16 0 0 7.16 0 16v32c0 8.84 7.16 16 16 16h15.98v384H16c-8.84 0-16 7.16-16 16v32c0 8.84 7.16 16 16 16h240v-80c0-8.8 7.2-16 16-16h32c8.8 0 16 7.2 16 16v80h240c8.84 0 16-7.16 16-16v-32c0-8.84-7.16-16-16-16h-16V64h16zm-304 44.8c0-6.4 6.4-12.8 12.8-12.8h38.4c6.4 0 12.8 6.4 12.8 12.8v38.4c0 6.4-6.4 12.8-12.8 12.8h-38.4c-6.4 0-12.8-6.4-12.8-12.8v-38.4zm0 96c0-6.4 6.4-12.8 12.8-12.8h38.4c6.4 0 12.8 6.4 12.8 12.8v38.4c0 6.4-6.4 12.8-12.8 12.8h-38.4c-6.4 0-12.8-6.4-12.8-12.8v-38.4zm-128-96c0-6.4 6.4-12.8 12.8-12.8h38.4c6.4 0 12.8 6.4 12.8 12.8v38.4c0 6.4-6.4 12.8-12.8 12.8h-38.4c-6.4 0-12.8-6.4-12.8-12.8v-38.4zM179.2 256h-38.4c-6.4 0-12.8-6.4-12.8-12.8v-38.4c0-6.4 6.4-12.8 12.8-12.8h38.4c6.4 0 12.8 6.4 12.8 12.8v38.4c0 6.4-6.4 12.8-12.8 12.8zM192 384c0-53.02 42.98-96 96-96s96 42.98 96 96H192zm256-140.8c0 6.4-6.4 12.8-12.8 12.8h-38.4c-6.4 0-12.8-6.4-12.8-12.8v-38.4c0-6.4 6.4-12.8 12.8-12.8h38.4c6.4 0 12.8 6.4 12.8 12.8v38.4zm0-96c0 6.4-6.4 12.8-12.8 12.8h-38.4c-6.4 0-12.8-6.4-12.8-12.8v-38.4c0-6.4 6.4-12.8 12.8-12.8h38.4c6.4 0 12.8 6.4 12.8 12.8v38.4z\"><\/path><\/svg>\t\t\t\t<\/span>\n\t\t\t<\/div>\n\t\t\t\n\t\t\t\t\t\t<div class=\"elementor-icon-box-content\">\n\n\t\t\t\t\t\t\t\t\t<h3 class=\"elementor-icon-box-title\">\n\t\t\t\t\t\t<span  >\n\t\t\t\t\t\t\tVars\u00f2via, Crac\u00f2via, Breslau, Torun i Gdansk\t\t\t\t\t\t<\/span>\n\t\t\t\t\t<\/h3>\n\t\t\t\t\n\t\t\t\t\n\t\t\t<\/div>\n\t\t\t\n\t\t<\/div>\n\t\t\t\t\t\t<\/div>\n\t\t\t\t<\/div>\n\t\t\t\t<\/div>\n\t\t<div class=\"elementor-element elementor-element-68084a0 e-con-full e-flex e-con e-child\" data-id=\"68084a0\" data-element_type=\"container\" data-e-type=\"container\" data-settings=\"{&quot;background_background&quot;:&quot;classic&quot;,&quot;jet_parallax_layout_list&quot;:[]}\">\n\t\t\t\t<div class=\"elementor-element elementor-element-a120778 elementor-view-default elementor-position-block-start elementor-mobile-position-block-start elementor-widget elementor-widget-icon-box\" data-id=\"a120778\" data-element_type=\"widget\" data-e-type=\"widget\" data-widget_type=\"icon-box.default\">\n\t\t\t\t<div class=\"elementor-widget-container\">\n\t\t\t\t\t\t\t<div class=\"elementor-icon-box-wrapper\">\n\n\t\t\t\t\t\t<div class=\"elementor-icon-box-icon\">\n\t\t\t\t<span  class=\"elementor-icon\">\n\t\t\t\t<svg aria-hidden=\"true\" class=\"e-font-icon-svg e-far-grin-alt\" viewBox=\"0 0 496 512\" xmlns=\"http:\/\/www.w3.org\/2000\/svg\"><path d=\"M200.3 248c12.4-18.7 15.1-37.3 15.7-56-.5-18.7-3.3-37.3-15.7-56-8-12-25.1-11.4-32.7 0-12.4 18.7-15.1 37.3-15.7 56 .5 18.7 3.3 37.3 15.7 56 8.1 12 25.2 11.4 32.7 0zm128 0c12.4-18.7 15.1-37.3 15.7-56-.5-18.7-3.3-37.3-15.7-56-8-12-25.1-11.4-32.7 0-12.4 18.7-15.1 37.3-15.7 56 .5 18.7 3.3 37.3 15.7 56 8.1 12 25.2 11.4 32.7 0zM248 8C111 8 0 119 0 256s111 248 248 248 248-111 248-248S385 8 248 8zm0 448c-110.3 0-200-89.7-200-200S137.7 56 248 56s200 89.7 200 200-89.7 200-200 200zm105.6-151.4c-25.9 8.3-64.4 13.1-105.6 13.1s-79.6-4.8-105.6-13.1c-9.9-3.1-19.4 5.3-17.7 15.3 7.9 47.2 71.3 80 123.3 80s115.3-32.9 123.3-80c1.6-9.8-7.7-18.4-17.7-15.3z\"><\/path><\/svg>\t\t\t\t<\/span>\n\t\t\t<\/div>\n\t\t\t\n\t\t\t\t\t\t<div class=\"elementor-icon-box-content\">\n\n\t\t\t\t\t\t\t\t\t<h3 class=\"elementor-icon-box-title\">\n\t\t\t\t\t\t<span  >\n\t\t\t\t\t\t\tMaig, Juny, Setembre i Octubre\t\t\t\t\t\t<\/span>\n\t\t\t\t\t<\/h3>\n\t\t\t\t\n\t\t\t\t\n\t\t\t<\/div>\n\t\t\t\n\t\t<\/div>\n\t\t\t\t\t\t<\/div>\n\t\t\t\t<\/div>\n\t\t\t\t<\/div>\n\t\t<div class=\"elementor-element elementor-element-ba3cddd e-con-full e-flex e-con e-child\" data-id=\"ba3cddd\" data-element_type=\"container\" data-e-type=\"container\" data-settings=\"{&quot;background_background&quot;:&quot;classic&quot;,&quot;jet_parallax_layout_list&quot;:[]}\">\n\t\t\t\t<div class=\"elementor-element elementor-element-99dbcda elementor-view-default elementor-position-block-start elementor-mobile-position-block-start elementor-widget elementor-widget-icon-box\" data-id=\"99dbcda\" data-element_type=\"widget\" data-e-type=\"widget\" data-widget_type=\"icon-box.default\">\n\t\t\t\t<div class=\"elementor-widget-container\">\n\t\t\t\t\t\t\t<div class=\"elementor-icon-box-wrapper\">\n\n\t\t\t\t\t\t<div class=\"elementor-icon-box-icon\">\n\t\t\t\t<span  class=\"elementor-icon\">\n\t\t\t\t<svg aria-hidden=\"true\" class=\"e-font-icon-svg e-far-smile\" viewBox=\"0 0 496 512\" xmlns=\"http:\/\/www.w3.org\/2000\/svg\"><path d=\"M248 8C111 8 0 119 0 256s111 248 248 248 248-111 248-248S385 8 248 8zm0 448c-110.3 0-200-89.7-200-200S137.7 56 248 56s200 89.7 200 200-89.7 200-200 200zm-80-216c17.7 0 32-14.3 32-32s-14.3-32-32-32-32 14.3-32 32 14.3 32 32 32zm160 0c17.7 0 32-14.3 32-32s-14.3-32-32-32-32 14.3-32 32 14.3 32 32 32zm4 72.6c-20.8 25-51.5 39.4-84 39.4s-63.2-14.3-84-39.4c-8.5-10.2-23.7-11.5-33.8-3.1-10.2 8.5-11.5 23.6-3.1 33.8 30 36 74.1 56.6 120.9 56.6s90.9-20.6 120.9-56.6c8.5-10.2 7.1-25.3-3.1-33.8-10.1-8.4-25.3-7.1-33.8 3.1z\"><\/path><\/svg>\t\t\t\t<\/span>\n\t\t\t<\/div>\n\t\t\t\n\t\t\t\t\t\t<div class=\"elementor-icon-box-content\">\n\n\t\t\t\t\t\t\t\t\t<h3 class=\"elementor-icon-box-title\">\n\t\t\t\t\t\t<span  >\n\t\t\t\t\t\t\tJuliol i Agost\t\t\t\t\t\t<\/span>\n\t\t\t\t\t<\/h3>\n\t\t\t\t\n\t\t\t\t\n\t\t\t<\/div>\n\t\t\t\n\t\t<\/div>\n\t\t\t\t\t\t<\/div>\n\t\t\t\t<\/div>\n\t\t\t\t<\/div>\n\t\t\t\t\t<\/div>\n\t\t\t\t<\/div>\n\t\t<div class=\"elementor-element elementor-element-5ef59b6 e-flex e-con-boxed e-con e-parent\" data-id=\"5ef59b6\" data-element_type=\"container\" data-e-type=\"container\" data-settings=\"{&quot;jet_parallax_layout_list&quot;:[]}\">\n\t\t\t\t\t<div class=\"e-con-inner\">\n\t\t\t\t<div class=\"elementor-element elementor-element-a82871a elementor-widget elementor-widget-heading\" data-id=\"a82871a\" data-element_type=\"widget\" data-e-type=\"widget\" data-widget_type=\"heading.default\">\n\t\t\t\t<div class=\"elementor-widget-container\">\n\t\t\t\t\t<h2 class=\"elementor-heading-title elementor-size-default\">Itinerari<\/h2>\t\t\t\t<\/div>\n\t\t\t\t<\/div>\n\t\t\t\t<div class=\"elementor-element elementor-element-8c051b8 elementor-widget elementor-widget-heading\" data-id=\"8c051b8\" data-element_type=\"widget\" data-e-type=\"widget\" data-widget_type=\"heading.default\">\n\t\t\t\t<div class=\"elementor-widget-container\">\n\t\t\t\t\t<p class=\"elementor-heading-title elementor-size-default\">DIA 1<\/p>\t\t\t\t<\/div>\n\t\t\t\t<\/div>\n\t\t\t\t<div class=\"elementor-element elementor-element-e9d70f9 elementor-widget elementor-widget-heading\" data-id=\"e9d70f9\" data-element_type=\"widget\" data-e-type=\"widget\" data-widget_type=\"heading.default\">\n\t\t\t\t<div class=\"elementor-widget-container\">\n\t\t\t\t\t<h3 class=\"elementor-heading-title elementor-size-default\">ARRIBADA A VARS\u00d2VIA<\/h3>\t\t\t\t<\/div>\n\t\t\t\t<\/div>\n\t\t\t\t<div class=\"elementor-element elementor-element-577ec7e elementor-widget elementor-widget-text-editor\" data-id=\"577ec7e\" data-element_type=\"widget\" data-e-type=\"widget\" data-widget_type=\"text-editor.default\">\n\t\t\t\t<div class=\"elementor-widget-container\">\n\t\t\t\t\t\t\t\t\t<p>Arribada a Vars\u00f2via i trobada amb el guia local i la resta del grup al lobby de l\u2019hotel de 4* on ens allotjarem.&nbsp;<span style=\"letter-spacing: 0.4px;\">Sopar de benvinguda al restaurant de l\u2019hotel.<\/span><\/p>\t\t\t\t\t\t\t\t<\/div>\n\t\t\t\t<\/div>\n\t\t\t\t\t<\/div>\n\t\t\t\t<\/div>\n\t\t<div class=\"elementor-element elementor-element-5cf22bf e-flex e-con-boxed e-con e-parent\" data-id=\"5cf22bf\" data-element_type=\"container\" data-e-type=\"container\" data-settings=\"{&quot;jet_parallax_layout_list&quot;:[]}\">\n\t\t\t\t\t<div class=\"e-con-inner\">\n\t\t\t\t<div class=\"elementor-element elementor-element-a34810a elementor-widget elementor-widget-jet-image-accordion\" data-id=\"a34810a\" data-element_type=\"widget\" data-e-type=\"widget\" data-widget_type=\"jet-image-accordion.default\">\n\t\t\t\t<div class=\"elementor-widget-container\">\n\t\t\t\t\t<div class=\"elementor-jet-image-accordion jet-tabs-addons\"><div class=\"jet-image-accordion jet-image-accordion-vertical-orientation jet-image-accordion-circ-ease\" role=\"tablist\" data-settings=\"{&quot;orientation&quot;:&quot;vertical&quot;,&quot;activeSize&quot;:{&quot;unit&quot;:&quot;%&quot;,&quot;size&quot;:55,&quot;sizes&quot;:[]},&quot;duration&quot;:500,&quot;activeItem&quot;:-1}\">\n\t<div class=\"jet-image-accordion__list\">\n<div class=\"jet-image-accordion__item title-display-mode__on_hover\" role=\"tab\" aria-selected=\"false\" tabindex=\"0\">\n<img decoding=\"async\" class=\"jet-image-accordion__image-instance\" src=\"https:\/\/i0.wp.com\/viatgesvinolas.com\/wp-content\/uploads\/2022\/01\/varsovia-polonia-viatges-vinolas-e1744664864617.jpg?fit=800%2C450&amp;ssl=1\" alt=\"Vistes de l&apos;skyline de Vars\u00f2via a Pol\u00f2nia (Pol\u00f2nia al complet)\">\n\t\n\t<div class=\"jet-image-accordion__content\">\n\t\t<\/div>\n\t<div class=\"jet-image-accordion__item-loader\"><span><\/span><\/div>\n<\/div>\n<div class=\"jet-image-accordion__item title-display-mode__on_hover\" role=\"tab\" aria-selected=\"false\" tabindex=\"0\">\n<img decoding=\"async\" class=\"jet-image-accordion__image-instance\" src=\"https:\/\/i0.wp.com\/viatgesvinolas.com\/wp-content\/uploads\/2022\/01\/varsovia-polonia-viatges-vinolas-2-e1744664903917.jpg?fit=800%2C450&amp;ssl=1\" alt=\"Vista a\u00e8rea de la Pla\u00e7a del Mercat de Vars\u00f2via, que visitarem al tour Pol\u00f2nia al complet\">\n\t\n\t<div class=\"jet-image-accordion__content\">\n\t\t<\/div>\n\t<div class=\"jet-image-accordion__item-loader\"><span><\/span><\/div>\n<\/div>\n<div class=\"jet-image-accordion__item title-display-mode__on_hover\" role=\"tab\" aria-selected=\"false\" tabindex=\"0\">\n<img decoding=\"async\" class=\"jet-image-accordion__image-instance\" src=\"https:\/\/i0.wp.com\/viatgesvinolas.com\/wp-content\/uploads\/2022\/01\/polonia-varsovia-e1744664942565.jpg?fit=800%2C459&amp;ssl=1\" alt=\"polonia-varsovia\">\n\t\n\t<div class=\"jet-image-accordion__content\">\n\t\t<\/div>\n\t<div class=\"jet-image-accordion__item-loader\"><span><\/span><\/div>\n<\/div>\n<\/div>\n<\/div>\n<\/div>\t\t\t\t<\/div>\n\t\t\t\t<\/div>\n\t\t\t\t\t<\/div>\n\t\t\t\t<\/div>\n\t\t<div class=\"elementor-element elementor-element-46d53dc e-flex e-con-boxed e-con e-parent\" data-id=\"46d53dc\" data-element_type=\"container\" data-e-type=\"container\" data-settings=\"{&quot;jet_parallax_layout_list&quot;:[]}\">\n\t\t\t\t\t<div class=\"e-con-inner\">\n\t\t\t\t<div class=\"elementor-element elementor-element-aca7ab9 elementor-widget elementor-widget-heading\" data-id=\"aca7ab9\" data-element_type=\"widget\" data-e-type=\"widget\" data-widget_type=\"heading.default\">\n\t\t\t\t<div class=\"elementor-widget-container\">\n\t\t\t\t\t<p class=\"elementor-heading-title elementor-size-default\">DIA 2<\/p>\t\t\t\t<\/div>\n\t\t\t\t<\/div>\n\t\t\t\t<div class=\"elementor-element elementor-element-ed621d6 elementor-widget elementor-widget-heading\" data-id=\"ed621d6\" data-element_type=\"widget\" data-e-type=\"widget\" data-widget_type=\"heading.default\">\n\t\t\t\t<div class=\"elementor-widget-container\">\n\t\t\t\t\t<h3 class=\"elementor-heading-title elementor-size-default\">VARS\u00d2VIA <span>\u2192 <\/span><span>CRAC\u00d2VIA<\/span><span><\/span><br><\/h3>\t\t\t\t<\/div>\n\t\t\t\t<\/div>\n\t\t\t\t<div class=\"elementor-element elementor-element-036a0fc elementor-widget elementor-widget-text-editor\" data-id=\"036a0fc\" data-element_type=\"widget\" data-e-type=\"widget\" data-widget_type=\"text-editor.default\">\n\t\t\t\t<div class=\"elementor-widget-container\">\n\t\t\t\t\t\t\t\t\t<p>Esmorzar a l\u2019hotel. Visita panor\u00e0mica durant el mat\u00ed. Visitarem el barri vell (reconstru\u00eft despr\u00e9s de la Segona Guerra Mundial); la pla\u00e7a del Castell i el Castell Reial; la pla\u00e7a del Mercat del barri vell, la Catedral de Sant Joan (on eren coronats els reis de Pol\u00f2nia); la Barbacana, el Teatre Gran, la Ruta Reial (plena d\u2019est\u00e0tues, esgl\u00e9sies i resid\u00e8ncies aristocr\u00e0tiques, on s\u2019ubica el parc real Lazienki amb el meravell\u00f3s Palau sobre l\u2019Aigua i el fam\u00f3s monument a Frederic Chopin), i llocs relacionats amb la Segona Guerra Mundial com l\u2019antic gueto jueu, el Monument a l\u2019Aixecament de Vars\u00f2via i la Tomba del Soldat Desconegut.<\/p><p>Dinar en un restaurant del Nucli Antic. Despr\u00e9s de dinar sortida cap a Crac\u00f2via.\u00a0<\/p><p>Arribada a Crac\u00f2via. Allotjament a un hotel 4*. Sopar lliure.<\/p>\t\t\t\t\t\t\t\t<\/div>\n\t\t\t\t<\/div>\n\t\t\t\t\t<\/div>\n\t\t\t\t<\/div>\n\t\t<div class=\"elementor-element elementor-element-744301a e-flex e-con-boxed e-con e-parent\" data-id=\"744301a\" data-element_type=\"container\" data-e-type=\"container\" data-settings=\"{&quot;jet_parallax_layout_list&quot;:[]}\">\n\t\t\t\t\t<div class=\"e-con-inner\">\n\t\t\t\t<div class=\"elementor-element elementor-element-0c5969c elementor-widget elementor-widget-jet-image-accordion\" data-id=\"0c5969c\" data-element_type=\"widget\" data-e-type=\"widget\" data-widget_type=\"jet-image-accordion.default\">\n\t\t\t\t<div class=\"elementor-widget-container\">\n\t\t\t\t\t<div class=\"elementor-jet-image-accordion jet-tabs-addons\"><div class=\"jet-image-accordion jet-image-accordion-vertical-orientation jet-image-accordion-circ-ease\" role=\"tablist\" data-settings=\"{&quot;orientation&quot;:&quot;vertical&quot;,&quot;activeSize&quot;:{&quot;unit&quot;:&quot;%&quot;,&quot;size&quot;:50,&quot;sizes&quot;:[]},&quot;duration&quot;:500,&quot;activeItem&quot;:-1}\">\n\t<div class=\"jet-image-accordion__list\">\n<div class=\"jet-image-accordion__item title-display-mode__on_hover\" role=\"tab\" aria-selected=\"false\" tabindex=\"0\">\n<img decoding=\"async\" class=\"jet-image-accordion__image-instance\" src=\"https:\/\/i0.wp.com\/viatgesvinolas.com\/wp-content\/uploads\/2025\/03\/castell_Wawel_Royal_varsovia_Polonia_viatges_vinolas.jpg?fit=800%2C533&amp;ssl=1\" alt=\"castell_Wawel_Royal_varsovia_Polonia_viatges_vinolas\">\n\t\n\t<div class=\"jet-image-accordion__content\">\n\t\t<\/div>\n\t<div class=\"jet-image-accordion__item-loader\"><span><\/span><\/div>\n<\/div>\n<div class=\"jet-image-accordion__item title-display-mode__on_hover\" role=\"tab\" aria-selected=\"false\" tabindex=\"0\">\n<img decoding=\"async\" class=\"jet-image-accordion__image-instance\" src=\"https:\/\/i0.wp.com\/viatgesvinolas.com\/wp-content\/uploads\/2025\/03\/palau_cracovia-viatges-vinolas.jpg?fit=800%2C450&amp;ssl=1\" alt=\"palau_cracovia-viatges-vinolas\">\n\t\n\t<div class=\"jet-image-accordion__content\">\n\t\t<\/div>\n\t<div class=\"jet-image-accordion__item-loader\"><span><\/span><\/div>\n<\/div>\n<div class=\"jet-image-accordion__item title-display-mode__on_hover\" role=\"tab\" aria-selected=\"false\" tabindex=\"0\">\n<img decoding=\"async\" class=\"jet-image-accordion__image-instance\" src=\"https:\/\/i0.wp.com\/viatgesvinolas.com\/wp-content\/uploads\/2025\/03\/varsovia_polonia_viatges_vinolas.jpg?fit=800%2C450&amp;ssl=1\" alt=\"varsovia_polonia_viatges_vinolas\">\n\t\n\t<div class=\"jet-image-accordion__content\">\n\t\t<\/div>\n\t<div class=\"jet-image-accordion__item-loader\"><span><\/span><\/div>\n<\/div>\n<\/div>\n<\/div>\n<\/div>\t\t\t\t<\/div>\n\t\t\t\t<\/div>\n\t\t\t\t\t<\/div>\n\t\t\t\t<\/div>\n\t\t<div class=\"elementor-element elementor-element-b538aea e-flex e-con-boxed e-con e-parent\" data-id=\"b538aea\" data-element_type=\"container\" data-e-type=\"container\" data-settings=\"{&quot;jet_parallax_layout_list&quot;:[]}\">\n\t\t\t\t\t<div class=\"e-con-inner\">\n\t\t\t\t<div class=\"elementor-element elementor-element-1c974c5 elementor-widget elementor-widget-heading\" data-id=\"1c974c5\" data-element_type=\"widget\" data-e-type=\"widget\" data-widget_type=\"heading.default\">\n\t\t\t\t<div class=\"elementor-widget-container\">\n\t\t\t\t\t<p class=\"elementor-heading-title elementor-size-default\">DIA 3<\/p>\t\t\t\t<\/div>\n\t\t\t\t<\/div>\n\t\t\t\t<div class=\"elementor-element elementor-element-c60b931 elementor-widget elementor-widget-heading\" data-id=\"c60b931\" data-element_type=\"widget\" data-e-type=\"widget\" data-widget_type=\"heading.default\">\n\t\t\t\t<div class=\"elementor-widget-container\">\n\t\t\t\t\t<h3 class=\"elementor-heading-title elementor-size-default\"><span>CRAC\u00d2VIA<\/span><\/h3>\t\t\t\t<\/div>\n\t\t\t\t<\/div>\n\t\t\t\t<div class=\"elementor-element elementor-element-4cbdcae elementor-widget elementor-widget-text-editor\" data-id=\"4cbdcae\" data-element_type=\"widget\" data-e-type=\"widget\" data-widget_type=\"text-editor.default\">\n\t\t\t\t<div class=\"elementor-widget-container\">\n\t\t\t\t\t\t\t\t\t<p>Esmorzar a l\u2019hotel. Excursi\u00f3 a les mines de sal de Wieliczka, un impressionant conjunt de cambres, capelles i galeries subterr\u00e0nies esculpides en sal gemma, declarat Patrimoni de la Humanitat per la UNESCO. La mina est\u00e0 en funcionament des de fa gaireb\u00e9 set-cents anys i arriba m\u00e9s enll\u00e0 dels 300 metres de profunditat. La visita consisteix a rec\u00f3rrer els passadissos de sota terra esculpits en roca salina, per veure les formacions naturals i els llacs subterranis, aix\u00ed com les nombroses escultures i capelles, entre elles la m\u00e9s gran i impressionant, la Capella de Santa Kinga, realitzades en roca salina pels artistes que han treballat a les mines.<\/p><p>En finalitzar la visita retorn a Crac\u00f2via per dinar. A la tarda anirem a la m\u00e0gica ciutat de Crac\u00f2via amb el guia local. Visitarem la Ciutat Antiga rodejada pel cintur\u00f3 verd de Planty, el parc constru\u00eft en lloc de les muralles de defensa. Comen\u00e7arem per la pla\u00e7a del Mercat, la seva forma s\u2019ha conservat quasi intacta des de fa set-cents anys i \u00e9s la pla\u00e7a medieval m\u00e9s gran d\u2019Europa. Entre els edificis de la pla\u00e7a destaca l\u2019Esgl\u00e9sia de Santa Maria, amb el fam\u00f3s retaule g\u00f2tic de fusta policromada.<\/p><p>Continuarem amb el tur\u00f3 de Wawel amb el seu imponent Castell sobre el riu V\u00edstula, visitarem el pati del castell i realitzarem una passejada pel barri Kazimierz, un petit fragment del qual va ser la ciutat jueva. Fins a l\u2019any 1939, Kazimierz s\u2019assemblava a les ciutats descrites per Isaack Bashevis Singer, l\u2019escriptor jueu i ciutad\u00e0 polon\u00e8s que va guanyar el Premi Nobel de Literatura el 1978. El dram\u00e0tic extermini dels jueus de Crac\u00f2via va ser tema de la pel\u00b7l\u00edcula \u201cLa llista de Schindler\u201d de Steven Spielberg, rodada a l\u2019original entorn de Kazimierz. El barri va ser fundat al segle XIV com una ciutat separada de Crac\u00f2via, amb la seva pr\u00f2pia pla\u00e7a del Mercat i Ajuntament propi.\u00a0<\/p><p>Retorn a l\u2019allotjament de Crac\u00f2via. Sopar lliure.<\/p>\t\t\t\t\t\t\t\t<\/div>\n\t\t\t\t<\/div>\n\t\t\t\t\t<\/div>\n\t\t\t\t<\/div>\n\t\t<div class=\"elementor-element elementor-element-6a98bc3 e-flex e-con-boxed e-con e-parent\" data-id=\"6a98bc3\" data-element_type=\"container\" data-e-type=\"container\" data-settings=\"{&quot;jet_parallax_layout_list&quot;:[]}\">\n\t\t\t\t\t<div class=\"e-con-inner\">\n\t\t\t\t<div class=\"elementor-element elementor-element-d7fda98 elementor-widget elementor-widget-jet-image-accordion\" data-id=\"d7fda98\" data-element_type=\"widget\" data-e-type=\"widget\" data-widget_type=\"jet-image-accordion.default\">\n\t\t\t\t<div class=\"elementor-widget-container\">\n\t\t\t\t\t<div class=\"elementor-jet-image-accordion jet-tabs-addons\"><div class=\"jet-image-accordion jet-image-accordion-vertical-orientation jet-image-accordion-circ-ease\" role=\"tablist\" data-settings=\"{&quot;orientation&quot;:&quot;vertical&quot;,&quot;activeSize&quot;:{&quot;unit&quot;:&quot;%&quot;,&quot;size&quot;:50,&quot;sizes&quot;:[]},&quot;duration&quot;:500,&quot;activeItem&quot;:-1}\">\n\t<div class=\"jet-image-accordion__list\">\n<div class=\"jet-image-accordion__item title-display-mode__on_hover\" role=\"tab\" aria-selected=\"false\" tabindex=\"0\">\n<img decoding=\"async\" class=\"jet-image-accordion__image-instance\" src=\"https:\/\/i0.wp.com\/viatgesvinolas.com\/wp-content\/uploads\/2022\/01\/polonia-cracovia-e1744665232859.jpg?fit=800%2C533&amp;ssl=1\" alt=\"polonia-cracovia\">\n\t\n\t<div class=\"jet-image-accordion__content\">\n\t\t<\/div>\n\t<div class=\"jet-image-accordion__item-loader\"><span><\/span><\/div>\n<\/div>\n<div class=\"jet-image-accordion__item title-display-mode__on_hover\" role=\"tab\" aria-selected=\"false\" tabindex=\"0\">\n<img decoding=\"async\" class=\"jet-image-accordion__image-instance\" src=\"https:\/\/i0.wp.com\/viatgesvinolas.com\/wp-content\/uploads\/2022\/01\/cracovia-polonia-viatges-vinolas-e1744665310545.jpg?fit=800%2C450&amp;ssl=1\" alt=\"Imatge de Crac\u00f2via, ciutat que visitarem durant el tour Pol\u00f2nia al complet\">\n\t\n\t<div class=\"jet-image-accordion__content\">\n\t\t<\/div>\n\t<div class=\"jet-image-accordion__item-loader\"><span><\/span><\/div>\n<\/div>\n<div class=\"jet-image-accordion__item title-display-mode__on_hover\" role=\"tab\" aria-selected=\"false\" tabindex=\"0\">\n<img decoding=\"async\" class=\"jet-image-accordion__image-instance\" src=\"https:\/\/i0.wp.com\/viatgesvinolas.com\/wp-content\/uploads\/2025\/03\/cracovia_polonia_viatges_vinolas.jpg?fit=800%2C450&amp;ssl=1\" alt=\"cracovia_polonia_viatges_vinolas\">\n\t\n\t<div class=\"jet-image-accordion__content\">\n\t\t<\/div>\n\t<div class=\"jet-image-accordion__item-loader\"><span><\/span><\/div>\n<\/div>\n<\/div>\n<\/div>\n<\/div>\t\t\t\t<\/div>\n\t\t\t\t<\/div>\n\t\t\t\t\t<\/div>\n\t\t\t\t<\/div>\n\t\t<div class=\"elementor-element elementor-element-d8d5381 e-flex e-con-boxed e-con e-parent\" data-id=\"d8d5381\" data-element_type=\"container\" data-e-type=\"container\" data-settings=\"{&quot;jet_parallax_layout_list&quot;:[]}\">\n\t\t\t\t\t<div class=\"e-con-inner\">\n\t\t\t\t<div class=\"elementor-element elementor-element-824c086 elementor-widget elementor-widget-heading\" data-id=\"824c086\" data-element_type=\"widget\" data-e-type=\"widget\" data-widget_type=\"heading.default\">\n\t\t\t\t<div class=\"elementor-widget-container\">\n\t\t\t\t\t<p class=\"elementor-heading-title elementor-size-default\">DIA 4<\/p>\t\t\t\t<\/div>\n\t\t\t\t<\/div>\n\t\t\t\t<div class=\"elementor-element elementor-element-561d701 elementor-widget elementor-widget-heading\" data-id=\"561d701\" data-element_type=\"widget\" data-e-type=\"widget\" data-widget_type=\"heading.default\">\n\t\t\t\t<div class=\"elementor-widget-container\">\n\t\t\t\t\t<h3 class=\"elementor-heading-title elementor-size-default\">CRAC\u00d2VIA \u2192 AUSCHWITZ-BIRKENAU \u2192 BRESLAU<\/h3>\t\t\t\t<\/div>\n\t\t\t\t<\/div>\n\t\t\t\t<div class=\"elementor-element elementor-element-44aae92 elementor-widget elementor-widget-text-editor\" data-id=\"44aae92\" data-element_type=\"widget\" data-e-type=\"widget\" data-widget_type=\"text-editor.default\">\n\t\t\t\t<div class=\"elementor-widget-container\">\n\t\t\t\t\t\t\t\t\t<p>Esmorzar a l\u2019hotel. Sortida cap a Breslau realitzant una parada a Oswiecim, lloc tristament conegut sota el nom alemany d\u2019Auschwitz. Visita guiada per l\u2019antic camp de concentraci\u00f3, aixecat pels nazis el 1940, que juntament amb un altre camp constru\u00eft el 1942 a Brzeznika (Birkenau) va ser el lloc d\u2019extermini d\u2019un mili\u00f3 i mig de persones.<\/p><p>Dinar en un restaurant local. Allotjament a un hotel 4* a Breslau. Sopar lliure.<\/p>\t\t\t\t\t\t\t\t<\/div>\n\t\t\t\t<\/div>\n\t\t\t\t\t<\/div>\n\t\t\t\t<\/div>\n\t\t<div class=\"elementor-element elementor-element-890fe60 e-flex e-con-boxed e-con e-parent\" data-id=\"890fe60\" data-element_type=\"container\" data-e-type=\"container\" data-settings=\"{&quot;jet_parallax_layout_list&quot;:[]}\">\n\t\t\t\t\t<div class=\"e-con-inner\">\n\t\t\t\t<div class=\"elementor-element elementor-element-4b79ac1 elementor-widget elementor-widget-jet-image-accordion\" data-id=\"4b79ac1\" data-element_type=\"widget\" data-e-type=\"widget\" data-widget_type=\"jet-image-accordion.default\">\n\t\t\t\t<div class=\"elementor-widget-container\">\n\t\t\t\t\t<div class=\"elementor-jet-image-accordion jet-tabs-addons\"><div class=\"jet-image-accordion jet-image-accordion-vertical-orientation jet-image-accordion-circ-ease\" role=\"tablist\" data-settings=\"{&quot;orientation&quot;:&quot;vertical&quot;,&quot;activeSize&quot;:{&quot;unit&quot;:&quot;%&quot;,&quot;size&quot;:50,&quot;sizes&quot;:[]},&quot;duration&quot;:500,&quot;activeItem&quot;:-1}\">\n\t<div class=\"jet-image-accordion__list\">\n<div class=\"jet-image-accordion__item title-display-mode__on_hover\" role=\"tab\" aria-selected=\"false\" tabindex=\"0\">\n<img decoding=\"async\" class=\"jet-image-accordion__image-instance\" src=\"https:\/\/i0.wp.com\/viatgesvinolas.com\/wp-content\/uploads\/2022\/01\/polonia-auschwitz-e1744665421511.jpg?fit=800%2C503&amp;ssl=1\" alt=\"polonia-auschwitz\">\n\t\n\t<div class=\"jet-image-accordion__content\">\n\t\t<\/div>\n\t<div class=\"jet-image-accordion__item-loader\"><span><\/span><\/div>\n<\/div>\n<div class=\"jet-image-accordion__item title-display-mode__on_hover\" role=\"tab\" aria-selected=\"false\" tabindex=\"0\">\n<img decoding=\"async\" class=\"jet-image-accordion__image-instance\" src=\"https:\/\/i0.wp.com\/viatgesvinolas.com\/wp-content\/uploads\/2022\/01\/auschwitz-polonia-viatges-vinolas-e1744665391959.jpg?fit=800%2C450&amp;ssl=1\" alt=\"Imatge del camp de concentraci\u00f3 d&apos;Auschwitz, que visitarem al tour Pol\u00f2nia al complet\">\n\t\n\t<div class=\"jet-image-accordion__content\">\n\t\t<\/div>\n\t<div class=\"jet-image-accordion__item-loader\"><span><\/span><\/div>\n<\/div>\n<div class=\"jet-image-accordion__item title-display-mode__on_hover\" role=\"tab\" aria-selected=\"false\" tabindex=\"0\">\n<img decoding=\"async\" class=\"jet-image-accordion__image-instance\" src=\"https:\/\/i0.wp.com\/viatgesvinolas.com\/wp-content\/uploads\/2021\/10\/polonia-mini.jpg?fit=640%2C426&amp;ssl=1\" alt=\"polonia-mini\">\n\t\n\t<div class=\"jet-image-accordion__content\">\n\t\t<\/div>\n\t<div class=\"jet-image-accordion__item-loader\"><span><\/span><\/div>\n<\/div>\n<\/div>\n<\/div>\n<\/div>\t\t\t\t<\/div>\n\t\t\t\t<\/div>\n\t\t\t\t\t<\/div>\n\t\t\t\t<\/div>\n\t\t<div class=\"elementor-element elementor-element-42ee872 e-flex e-con-boxed e-con e-parent\" data-id=\"42ee872\" data-element_type=\"container\" data-e-type=\"container\" data-settings=\"{&quot;jet_parallax_layout_list&quot;:[]}\">\n\t\t\t\t\t<div class=\"e-con-inner\">\n\t\t\t\t<div class=\"elementor-element elementor-element-29c5700 elementor-widget elementor-widget-heading\" data-id=\"29c5700\" data-element_type=\"widget\" data-e-type=\"widget\" data-widget_type=\"heading.default\">\n\t\t\t\t<div class=\"elementor-widget-container\">\n\t\t\t\t\t<p class=\"elementor-heading-title elementor-size-default\">DIA 5<\/p>\t\t\t\t<\/div>\n\t\t\t\t<\/div>\n\t\t\t\t<div class=\"elementor-element elementor-element-487ce64 elementor-widget elementor-widget-heading\" data-id=\"487ce64\" data-element_type=\"widget\" data-e-type=\"widget\" data-widget_type=\"heading.default\">\n\t\t\t\t<div class=\"elementor-widget-container\">\n\t\t\t\t\t<h3 class=\"elementor-heading-title elementor-size-default\">BRESLAU \u2192 TORUN<\/h3>\t\t\t\t<\/div>\n\t\t\t\t<\/div>\n\t\t\t\t<div class=\"elementor-element elementor-element-ab7d339 elementor-widget elementor-widget-text-editor\" data-id=\"ab7d339\" data-element_type=\"widget\" data-e-type=\"widget\" data-widget_type=\"text-editor.default\">\n\t\t\t\t<div class=\"elementor-widget-container\">\n\t\t\t\t\t\t\t\t\t<p>Esmorzar a l\u2019hotel i visita de la ciutat. La hist\u00f2ria mil\u00b7len\u00e0ria de Breslau, coneguda a Pol\u00f2nia com \u201cla ciutat dels mil ponts\u201d, es veu reflectida en els seus espl\u00e8ndids monuments de totes les \u00e8poques. Visitarem el m\u00e9s important del centre: la pla\u00e7a del Mercat, l\u2019esgl\u00e9sia g\u00f2tica de Santa Isabel (on es troben els patricis de Breslau), l\u2019esgl\u00e9sia de Santa Maria Magdalena (amb un dels p\u00f2rtics rom\u00e0nics m\u00e9s antics i bonics d\u2019Europa central), la pla\u00e7a Solny, els antics escorxadors (Jatki Miejskie), l\u2019antic mercat central i l\u2019illa de Ostr\u00f3w Tumski.<\/p>\n<p>En acabar la visita ens aproparem al restaurant Piwnica Swidnicka (la fonda urbana representativa m\u00e9s antiga del m\u00f3n, els or\u00edgens de la qual es remunten al segle XIII). Ubicat al cor de la pla\u00e7a del Mercat de Breslau, als hist\u00f2rics cellers g\u00f2tics de l\u2019Antic Ajuntament, ha estat obert a tots els que aspiren a bona cervesa i menjar durant m\u00e9s de set segles. Visitarem els interiors del restaurant finalitzant amb el dinar i una degustaci\u00f3 de quatre cerveses locals.<\/p>\n<p>A la tarda sortida cap a Torun, lloc de naixement de Nicolau Cop\u00e8rnic. Arribada a Torun.&nbsp;<\/p>\n<p>Allotjament a un hotel 4*. Sopar lliure.<\/p>\t\t\t\t\t\t\t\t<\/div>\n\t\t\t\t<\/div>\n\t\t\t\t\t<\/div>\n\t\t\t\t<\/div>\n\t\t<div class=\"elementor-element elementor-element-4b1b59a e-flex e-con-boxed e-con e-parent\" data-id=\"4b1b59a\" data-element_type=\"container\" data-e-type=\"container\" data-settings=\"{&quot;jet_parallax_layout_list&quot;:[]}\">\n\t\t\t\t\t<div class=\"e-con-inner\">\n\t\t\t\t<div class=\"elementor-element elementor-element-630f3c3 elementor-widget elementor-widget-jet-image-accordion\" data-id=\"630f3c3\" data-element_type=\"widget\" data-e-type=\"widget\" data-widget_type=\"jet-image-accordion.default\">\n\t\t\t\t<div class=\"elementor-widget-container\">\n\t\t\t\t\t<div class=\"elementor-jet-image-accordion jet-tabs-addons\"><div class=\"jet-image-accordion jet-image-accordion-vertical-orientation jet-image-accordion-circ-ease\" role=\"tablist\" data-settings=\"{&quot;orientation&quot;:&quot;vertical&quot;,&quot;activeSize&quot;:{&quot;unit&quot;:&quot;%&quot;,&quot;size&quot;:50,&quot;sizes&quot;:[]},&quot;duration&quot;:500,&quot;activeItem&quot;:-1}\">\n\t<div class=\"jet-image-accordion__list\">\n<div class=\"jet-image-accordion__item title-display-mode__on_hover\" role=\"tab\" aria-selected=\"false\" tabindex=\"0\">\n<img decoding=\"async\" class=\"jet-image-accordion__image-instance\" src=\"https:\/\/i0.wp.com\/viatgesvinolas.com\/wp-content\/uploads\/2022\/01\/breslau-polonia-viatges-vinolas-e1744665472620.jpg?fit=800%2C450&amp;ssl=1\" alt=\"Fotografia de la Pla\u00e7a del Mercat de Breslau, a Pol\u00f2nia al complet\">\n\t\n\t<div class=\"jet-image-accordion__content\">\n\t\t<\/div>\n\t<div class=\"jet-image-accordion__item-loader\"><span><\/span><\/div>\n<\/div>\n<div class=\"jet-image-accordion__item title-display-mode__on_hover\" role=\"tab\" aria-selected=\"false\" tabindex=\"0\">\n<img decoding=\"async\" class=\"jet-image-accordion__image-instance\" src=\"https:\/\/i0.wp.com\/viatgesvinolas.com\/wp-content\/uploads\/2022\/01\/polonia-breslau-e1744665498441.jpg?fit=800%2C531&amp;ssl=1\" alt=\"polonia-breslau\">\n\t\n\t<div class=\"jet-image-accordion__content\">\n\t\t<\/div>\n\t<div class=\"jet-image-accordion__item-loader\"><span><\/span><\/div>\n<\/div>\n<div class=\"jet-image-accordion__item title-display-mode__on_hover\" role=\"tab\" aria-selected=\"false\" tabindex=\"0\">\n<img decoding=\"async\" class=\"jet-image-accordion__image-instance\" src=\"https:\/\/i0.wp.com\/viatgesvinolas.com\/wp-content\/uploads\/2025\/03\/breslau-polonia-viatges-vinolas.jpg?fit=800%2C533&amp;ssl=1\" alt=\"breslau-polonia-viatges-vinolas\">\n\t\n\t<div class=\"jet-image-accordion__content\">\n\t\t<\/div>\n\t<div class=\"jet-image-accordion__item-loader\"><span><\/span><\/div>\n<\/div>\n<\/div>\n<\/div>\n<\/div>\t\t\t\t<\/div>\n\t\t\t\t<\/div>\n\t\t\t\t\t<\/div>\n\t\t\t\t<\/div>\n\t\t<div class=\"elementor-element elementor-element-443e3ab e-flex e-con-boxed e-con e-parent\" data-id=\"443e3ab\" data-element_type=\"container\" data-e-type=\"container\" data-settings=\"{&quot;jet_parallax_layout_list&quot;:[]}\">\n\t\t\t\t\t<div class=\"e-con-inner\">\n\t\t\t\t<div class=\"elementor-element elementor-element-d017244 elementor-widget elementor-widget-heading\" data-id=\"d017244\" data-element_type=\"widget\" data-e-type=\"widget\" data-widget_type=\"heading.default\">\n\t\t\t\t<div class=\"elementor-widget-container\">\n\t\t\t\t\t<p class=\"elementor-heading-title elementor-size-default\">DIA 6<\/p>\t\t\t\t<\/div>\n\t\t\t\t<\/div>\n\t\t\t\t<div class=\"elementor-element elementor-element-18975f1 elementor-widget elementor-widget-heading\" data-id=\"18975f1\" data-element_type=\"widget\" data-e-type=\"widget\" data-widget_type=\"heading.default\">\n\t\t\t\t<div class=\"elementor-widget-container\">\n\t\t\t\t\t<h3 class=\"elementor-heading-title elementor-size-default\">TORUN \u2192 MALBORK \u2192 GDANSK\u200b<\/h3>\t\t\t\t<\/div>\n\t\t\t\t<\/div>\n\t\t\t\t<div class=\"elementor-element elementor-element-b6fe6cf elementor-widget elementor-widget-text-editor\" data-id=\"b6fe6cf\" data-element_type=\"widget\" data-e-type=\"widget\" data-widget_type=\"text-editor.default\">\n\t\t\t\t<div class=\"elementor-widget-container\">\n\t\t\t\t\t\t\t\t\t<p>Esmorzar a l\u2019hotel. Visita panor\u00e0mica de la ciutat on va n\u00e9ixer Cop\u00e8rnic. Torun, empla\u00e7ada sobre les dues ribes del riu V\u00edstula, \u00e9s una ciutat on es troba la concentraci\u00f3 m\u00e9s grossa d\u2019arquitectura g\u00f2tica de Pol\u00f2nia. Entre el m\u00e9s important destaca el seu Nucli Antic amb estructura urban\u00edstica medieval, declarada Patrimoni de la Humanitat per la UNESCO. Admirarem el majestu\u00f3s Ajuntament de la Ciutat Vella amb una torre panor\u00e0mica, els monuments a Cop\u00e8rnic i al Raier, la casa de Cop\u00e8rnic (sense entrar), les muralles i portes urbanes, les ru\u00efnes del castell teut\u00f2nic i la Torre Inclinada. Finalitzada la visita, tindrem temps per comprar el t\u00edpic pa de gingebre de Torun.<\/p><p>Continuaci\u00f3 del viatge cap a Malbork. Dinar a l\u2019arribada.<\/p><p>A la tarda visita del Castell de l\u2019orde Teut\u00f2nic de Malbork. Aquest castell de ma\u00f3 \u00e9s l\u2019antiga seu del gran contramestre de l\u2019orde dels Cavallers Teut\u00f2nics, la major construcci\u00f3 medieval d\u2019aquest tipus de tota Europa. L\u2019edifici va ser declarat Patrimoni de la Humanitat. El castell est\u00e0 rodejat de potents muralles amb torres i portes. El palau del Gran Mestre representa la culminaci\u00f3 del g\u00f2tic tard\u00e0 cortes\u00e0. El representatiu refectori d\u2019estiu \u00e9s la part m\u00e9s bonica de l\u2019interior del castell. Actualment, el castell \u00e9s la seu d\u2019un museu.\u00a0<\/p><p>Allotjament a un hotel 4* a Gdansk. Sopar lliure.<\/p>\t\t\t\t\t\t\t\t<\/div>\n\t\t\t\t<\/div>\n\t\t\t\t\t<\/div>\n\t\t\t\t<\/div>\n\t\t<div class=\"elementor-element elementor-element-034adc5 e-flex e-con-boxed e-con e-parent\" data-id=\"034adc5\" data-element_type=\"container\" data-e-type=\"container\" data-settings=\"{&quot;jet_parallax_layout_list&quot;:[]}\">\n\t\t\t\t\t<div class=\"e-con-inner\">\n\t\t\t\t<div class=\"elementor-element elementor-element-d010449 elementor-widget elementor-widget-jet-image-accordion\" data-id=\"d010449\" data-element_type=\"widget\" data-e-type=\"widget\" data-widget_type=\"jet-image-accordion.default\">\n\t\t\t\t<div class=\"elementor-widget-container\">\n\t\t\t\t\t<div class=\"elementor-jet-image-accordion jet-tabs-addons\"><div class=\"jet-image-accordion jet-image-accordion-vertical-orientation jet-image-accordion-circ-ease\" role=\"tablist\" data-settings=\"{&quot;orientation&quot;:&quot;vertical&quot;,&quot;activeSize&quot;:{&quot;unit&quot;:&quot;%&quot;,&quot;size&quot;:50,&quot;sizes&quot;:[]},&quot;duration&quot;:500,&quot;activeItem&quot;:-1}\">\n\t<div class=\"jet-image-accordion__list\">\n<div class=\"jet-image-accordion__item title-display-mode__on_hover\" role=\"tab\" aria-selected=\"false\" tabindex=\"0\">\n<img decoding=\"async\" class=\"jet-image-accordion__image-instance\" src=\"https:\/\/i0.wp.com\/viatgesvinolas.com\/wp-content\/uploads\/2022\/01\/polonia-torun-e1744665952509.jpg?fit=800%2C533&amp;ssl=1\" alt=\"polonia-torun\">\n\t\n\t<div class=\"jet-image-accordion__content\">\n\t\t<\/div>\n\t<div class=\"jet-image-accordion__item-loader\"><span><\/span><\/div>\n<\/div>\n<div class=\"jet-image-accordion__item title-display-mode__on_hover\" role=\"tab\" aria-selected=\"false\" tabindex=\"0\">\n<img decoding=\"async\" class=\"jet-image-accordion__image-instance\" src=\"https:\/\/i0.wp.com\/viatgesvinolas.com\/wp-content\/uploads\/2025\/03\/castell_malbork_polonia_viatges-vinolas.jpg?fit=800%2C450&amp;ssl=1\" alt=\"castell_malbork_polonia_viatges-vinolas\">\n\t\n\t<div class=\"jet-image-accordion__content\">\n\t\t<\/div>\n\t<div class=\"jet-image-accordion__item-loader\"><span><\/span><\/div>\n<\/div>\n<div class=\"jet-image-accordion__item title-display-mode__on_hover\" role=\"tab\" aria-selected=\"false\" tabindex=\"0\">\n<img decoding=\"async\" class=\"jet-image-accordion__image-instance\" src=\"https:\/\/i0.wp.com\/viatgesvinolas.com\/wp-content\/uploads\/2022\/01\/malbork-plolonia-viatges-vinolas-e1744666050222.jpg?fit=800%2C450&amp;ssl=1\" alt=\"Fotografia del Castell de l&apos;ordre Teut\u00f2nic de la ciutat de Malbork a Pol\u00f2nia, que visitarem al tour Pol\u00f2nia al complet.\">\n\t\n\t<div class=\"jet-image-accordion__content\">\n\t\t<\/div>\n\t<div class=\"jet-image-accordion__item-loader\"><span><\/span><\/div>\n<\/div>\n<\/div>\n<\/div>\n<\/div>\t\t\t\t<\/div>\n\t\t\t\t<\/div>\n\t\t\t\t\t<\/div>\n\t\t\t\t<\/div>\n\t\t<div class=\"elementor-element elementor-element-068878a e-flex e-con-boxed e-con e-parent\" data-id=\"068878a\" data-element_type=\"container\" data-e-type=\"container\" data-settings=\"{&quot;jet_parallax_layout_list&quot;:[]}\">\n\t\t\t\t\t<div class=\"e-con-inner\">\n\t\t\t\t<div class=\"elementor-element elementor-element-9aef524 elementor-widget elementor-widget-heading\" data-id=\"9aef524\" data-element_type=\"widget\" data-e-type=\"widget\" data-widget_type=\"heading.default\">\n\t\t\t\t<div class=\"elementor-widget-container\">\n\t\t\t\t\t<p class=\"elementor-heading-title elementor-size-default\">DIA 7<\/p>\t\t\t\t<\/div>\n\t\t\t\t<\/div>\n\t\t\t\t<div class=\"elementor-element elementor-element-71de09d elementor-widget elementor-widget-heading\" data-id=\"71de09d\" data-element_type=\"widget\" data-e-type=\"widget\" data-widget_type=\"heading.default\">\n\t\t\t\t<div class=\"elementor-widget-container\">\n\t\t\t\t\t<h3 class=\"elementor-heading-title elementor-size-default\">SOPOT, OLIWA &amp; GDANSK\u200b<\/h3>\t\t\t\t<\/div>\n\t\t\t\t<\/div>\n\t\t\t\t<div class=\"elementor-element elementor-element-526f537 elementor-widget elementor-widget-text-editor\" data-id=\"526f537\" data-element_type=\"widget\" data-e-type=\"widget\" data-widget_type=\"text-editor.default\">\n\t\t\t\t<div class=\"elementor-widget-container\">\n\t\t\t\t\t\t\t\t\t<p>Esmorzar a l\u2019hotel i sortida cap Sopot, la ciutat del glamur balneari B\u00e0ltic. Sopot \u00e9s la segona ciutat pertanyent a l\u2019\u00e0rea metropolitana anomenada Triciutat, conjuntament amb les ciutats de Gdansk i Gdynia. \u00c9s una ciutat coneguda com un important centre balneari, i sorpr\u00e8n agradablement pel seu passeig mar\u00edtim de 500 metres que s\u2019endinsa en les aig\u00fces b\u00e0ltiques. El passeig per aquest moll de fusta, el m\u00e9s llarg d\u2019Europa, \u00e9s recomanat durant tot l\u2019any: la concentraci\u00f3 de iode a la punta m\u00e9s llunyana \u00e9s dues vegades superior que a les platges de Sopot, de quatre quil\u00f2metres de longitud.<\/p><p>Finalitzada la visita, ens dirigirem a Oliwa per visitar la catedral i acudir a un breu concert dels seus famosos orgues. M\u00e9s tard, tornarem a Gdansk, on veurem la Porta Alta (fragment de les fortificacions de la ciutat i una de les seves portes principals), la Porta Daurada que s\u2019obre al carrer Dluga amb les espectaculars cases del patriciat de la ciutat, i l\u2019Ajuntament.<\/p><p>A continuaci\u00f3, passejarem per Dlugi Tareg (el Mercat Llarg), amb l\u2019espl\u00e8ndida Cort d\u2019Art\u00fas, on solien trobar-se els comerciants de la Lliga Hanse\u00e0tica. Davant de la Cort d\u2019Art\u00fas hi ha la font de Nept\u00fa, mentre que darrere s\u2019hi pot veure la torre de la Bas\u00edlica de Santa Maria, l\u2019esgl\u00e9sia g\u00f2tica m\u00e9s gran de Gdansk. Continuarem pel carrer Mariacka amb les seves elegants cases de terrassa escalonada i arribarem al riu Motlawa, on s\u2019aixeca la medieval grua portu\u00e0ria i l\u2019edifici de la Porta Verda amb una sumptuosa decoraci\u00f3 escult\u00f2rica, que en \u00e8poques passades servia com a resid\u00e8ncia dels reis polonesos.<\/p><p>Dinar en un restaurant local. Tarda lliure per gaudir de la ciutat.\u00a0<\/p><p>Sopar lliure i allotjament a l\u2019hotel.<\/p>\t\t\t\t\t\t\t\t<\/div>\n\t\t\t\t<\/div>\n\t\t\t\t\t<\/div>\n\t\t\t\t<\/div>\n\t\t<div class=\"elementor-element elementor-element-7ce96e2 e-flex e-con-boxed e-con e-parent\" data-id=\"7ce96e2\" data-element_type=\"container\" data-e-type=\"container\" data-settings=\"{&quot;jet_parallax_layout_list&quot;:[]}\">\n\t\t\t\t\t<div class=\"e-con-inner\">\n\t\t\t\t<div class=\"elementor-element elementor-element-23dc72c elementor-widget elementor-widget-jet-image-accordion\" data-id=\"23dc72c\" data-element_type=\"widget\" data-e-type=\"widget\" data-widget_type=\"jet-image-accordion.default\">\n\t\t\t\t<div class=\"elementor-widget-container\">\n\t\t\t\t\t<div class=\"elementor-jet-image-accordion jet-tabs-addons\"><div class=\"jet-image-accordion jet-image-accordion-vertical-orientation jet-image-accordion-circ-ease\" role=\"tablist\" data-settings=\"{&quot;orientation&quot;:&quot;vertical&quot;,&quot;activeSize&quot;:{&quot;unit&quot;:&quot;%&quot;,&quot;size&quot;:50,&quot;sizes&quot;:[]},&quot;duration&quot;:500,&quot;activeItem&quot;:-1}\">\n\t<div class=\"jet-image-accordion__list\">\n<div class=\"jet-image-accordion__item title-display-mode__on_hover\" role=\"tab\" aria-selected=\"false\" tabindex=\"0\">\n<img decoding=\"async\" class=\"jet-image-accordion__image-instance\" src=\"https:\/\/i0.wp.com\/viatgesvinolas.com\/wp-content\/uploads\/2025\/03\/sopot-polonia-viatges-vinolas.jpg?fit=800%2C533&amp;ssl=1\" alt=\"sopot-polonia-viatges-vinolas\">\n\t\n\t<div class=\"jet-image-accordion__content\">\n\t\t<\/div>\n\t<div class=\"jet-image-accordion__item-loader\"><span><\/span><\/div>\n<\/div>\n<div class=\"jet-image-accordion__item title-display-mode__on_hover\" role=\"tab\" aria-selected=\"false\" tabindex=\"0\">\n<img decoding=\"async\" class=\"jet-image-accordion__image-instance\" src=\"https:\/\/i0.wp.com\/viatgesvinolas.com\/wp-content\/uploads\/2022\/01\/gdansk-polonia-viatges-vinolas-e1744666156397.jpg?fit=800%2C450&amp;ssl=1\" alt=\"Vistes a\u00e8res de Gdansk on s&apos;aprecia la seva arquitectura. La visitarem durant el tour Pol\u00f2nia al complet\">\n\t\n\t<div class=\"jet-image-accordion__content\">\n\t\t<\/div>\n\t<div class=\"jet-image-accordion__item-loader\"><span><\/span><\/div>\n<\/div>\n<div class=\"jet-image-accordion__item title-display-mode__on_hover\" role=\"tab\" aria-selected=\"false\" tabindex=\"0\">\n<img decoding=\"async\" class=\"jet-image-accordion__image-instance\" src=\"https:\/\/i0.wp.com\/viatgesvinolas.com\/wp-content\/uploads\/2025\/03\/gdansk-polonia-viatges-vinolas.jpg?fit=800%2C600&amp;ssl=1\" alt=\"gdansk-polonia-viatges-vinolas\">\n\t\n\t<div class=\"jet-image-accordion__content\">\n\t\t<\/div>\n\t<div class=\"jet-image-accordion__item-loader\"><span><\/span><\/div>\n<\/div>\n<\/div>\n<\/div>\n<\/div>\t\t\t\t<\/div>\n\t\t\t\t<\/div>\n\t\t\t\t\t<\/div>\n\t\t\t\t<\/div>\n\t\t<div class=\"elementor-element elementor-element-9df1952 e-flex e-con-boxed e-con e-parent\" data-id=\"9df1952\" data-element_type=\"container\" data-e-type=\"container\" data-settings=\"{&quot;jet_parallax_layout_list&quot;:[]}\">\n\t\t\t\t\t<div class=\"e-con-inner\">\n\t\t\t\t<div class=\"elementor-element elementor-element-a42fd55 elementor-widget elementor-widget-heading\" data-id=\"a42fd55\" data-element_type=\"widget\" data-e-type=\"widget\" data-widget_type=\"heading.default\">\n\t\t\t\t<div class=\"elementor-widget-container\">\n\t\t\t\t\t<p class=\"elementor-heading-title elementor-size-default\">DIA 8<\/p>\t\t\t\t<\/div>\n\t\t\t\t<\/div>\n\t\t\t\t<div class=\"elementor-element elementor-element-e9fd89a elementor-widget elementor-widget-heading\" data-id=\"e9fd89a\" data-element_type=\"widget\" data-e-type=\"widget\" data-widget_type=\"heading.default\">\n\t\t\t\t<div class=\"elementor-widget-container\">\n\t\t\t\t\t<h3 class=\"elementor-heading-title elementor-size-default\">GDANSK \u2192 OLSZTYNEK \u2192 VARS\u00d2VIA<\/h3>\t\t\t\t<\/div>\n\t\t\t\t<\/div>\n\t\t\t\t<div class=\"elementor-element elementor-element-258538d elementor-widget elementor-widget-text-editor\" data-id=\"258538d\" data-element_type=\"widget\" data-e-type=\"widget\" data-widget_type=\"text-editor.default\">\n\t\t\t\t<div class=\"elementor-widget-container\">\n\t\t\t\t\t\t\t\t\t<p>Esmorzar a l\u2019hotel. Al mat\u00ed, sortida cap a Olsztynek: lloc on el temps s\u2019ha parat. En el museu a l\u2019aire lliure s\u2019hi reuneixen objectes d\u2019arquitectura rural com, per exemple, molins de vent, cases rurals de fusta, l\u2019esgl\u00e9sia, tallers o incl\u00f2s una escola de poble. Els interiors de les cases mostren els mobles i decoraci\u00f3 dels segles XIX i XX.<\/p><p>Dinar a un restaurant local. Continuaci\u00f3 del viatge cap a Vars\u00f2via, la capital de Pol\u00f2nia.\u00a0<\/p><p>Allotjament a un hotel 4*. Sopar lliure.<\/p>\t\t\t\t\t\t\t\t<\/div>\n\t\t\t\t<\/div>\n\t\t\t\t\t<\/div>\n\t\t\t\t<\/div>\n\t\t<div class=\"elementor-element elementor-element-8304bc1 e-flex e-con-boxed e-con e-parent\" data-id=\"8304bc1\" data-element_type=\"container\" data-e-type=\"container\" data-settings=\"{&quot;jet_parallax_layout_list&quot;:[]}\">\n\t\t\t\t\t<div class=\"e-con-inner\">\n\t\t\t\t<div class=\"elementor-element elementor-element-92ad957 elementor-widget elementor-widget-jet-image-accordion\" data-id=\"92ad957\" data-element_type=\"widget\" data-e-type=\"widget\" data-widget_type=\"jet-image-accordion.default\">\n\t\t\t\t<div class=\"elementor-widget-container\">\n\t\t\t\t\t<div class=\"elementor-jet-image-accordion jet-tabs-addons\"><div class=\"jet-image-accordion jet-image-accordion-vertical-orientation jet-image-accordion-circ-ease\" role=\"tablist\" data-settings=\"{&quot;orientation&quot;:&quot;vertical&quot;,&quot;activeSize&quot;:{&quot;unit&quot;:&quot;%&quot;,&quot;size&quot;:50,&quot;sizes&quot;:[]},&quot;duration&quot;:500,&quot;activeItem&quot;:-1}\">\n\t<div class=\"jet-image-accordion__list\">\n<div class=\"jet-image-accordion__item title-display-mode__on_hover\" role=\"tab\" aria-selected=\"false\" tabindex=\"0\">\n<img decoding=\"async\" class=\"jet-image-accordion__image-instance\" src=\"https:\/\/i0.wp.com\/viatgesvinolas.com\/wp-content\/uploads\/2022\/01\/olsztynek-polonia-viatges-vinolas-e1744666202296.jpg?fit=800%2C450&amp;ssl=1\" alt=\"Mol\u00ed de vent de Olsztynek, que veurem al tour de Pol\u00f2nia al complet\">\n\t\n\t<div class=\"jet-image-accordion__content\">\n\t\t<\/div>\n\t<div class=\"jet-image-accordion__item-loader\"><span><\/span><\/div>\n<\/div>\n<div class=\"jet-image-accordion__item title-display-mode__on_hover\" role=\"tab\" aria-selected=\"false\" tabindex=\"0\">\n<img decoding=\"async\" class=\"jet-image-accordion__image-instance\" src=\"https:\/\/i0.wp.com\/viatgesvinolas.com\/wp-content\/uploads\/2025\/03\/OLSZTYNEK-_polonia_viatges_vinolas.jpg?fit=800%2C450&amp;ssl=1\" alt=\"OLSZTYNEK _polonia_viatges_vinolas\">\n\t\n\t<div class=\"jet-image-accordion__content\">\n\t\t<\/div>\n\t<div class=\"jet-image-accordion__item-loader\"><span><\/span><\/div>\n<\/div>\n<div class=\"jet-image-accordion__item title-display-mode__on_hover\" role=\"tab\" aria-selected=\"false\" tabindex=\"0\">\n<img decoding=\"async\" class=\"jet-image-accordion__image-instance\" src=\"https:\/\/i0.wp.com\/viatgesvinolas.com\/wp-content\/uploads\/2025\/03\/monument-chopin-varsovia-polonia.jpg?fit=800%2C640&amp;ssl=1\" alt=\"monument-chopin-varsovia-polonia\">\n\t\n\t<div class=\"jet-image-accordion__content\">\n\t\t<\/div>\n\t<div class=\"jet-image-accordion__item-loader\"><span><\/span><\/div>\n<\/div>\n<\/div>\n<\/div>\n<\/div>\t\t\t\t<\/div>\n\t\t\t\t<\/div>\n\t\t\t\t\t<\/div>\n\t\t\t\t<\/div>\n\t\t<div class=\"elementor-element elementor-element-e9bb342 e-flex e-con-boxed e-con e-parent\" data-id=\"e9bb342\" data-element_type=\"container\" data-e-type=\"container\" data-settings=\"{&quot;jet_parallax_layout_list&quot;:[]}\">\n\t\t\t\t\t<div class=\"e-con-inner\">\n\t\t\t\t<div class=\"elementor-element elementor-element-9a32e24 elementor-widget elementor-widget-heading\" data-id=\"9a32e24\" data-element_type=\"widget\" data-e-type=\"widget\" data-widget_type=\"heading.default\">\n\t\t\t\t<div class=\"elementor-widget-container\">\n\t\t\t\t\t<p class=\"elementor-heading-title elementor-size-default\">DIA 9<\/p>\t\t\t\t<\/div>\n\t\t\t\t<\/div>\n\t\t\t\t<div class=\"elementor-element elementor-element-3b6fc69 elementor-widget elementor-widget-heading\" data-id=\"3b6fc69\" data-element_type=\"widget\" data-e-type=\"widget\" data-widget_type=\"heading.default\">\n\t\t\t\t<div class=\"elementor-widget-container\">\n\t\t\t\t\t<h3 class=\"elementor-heading-title elementor-size-default\">TORNADA<\/h3>\t\t\t\t<\/div>\n\t\t\t\t<\/div>\n\t\t\t\t<div class=\"elementor-element elementor-element-9f65a47 elementor-widget elementor-widget-text-editor\" data-id=\"9f65a47\" data-element_type=\"widget\" data-e-type=\"widget\" data-widget_type=\"text-editor.default\">\n\t\t\t\t<div class=\"elementor-widget-container\">\n\t\t\t\t\t\t\t\t\t<p>Esmorzar a l\u2019hotel. Trasllat a l\u2019aeroport de Vars\u00f2via per agafar el vol de tornada.\u200b<\/p>\t\t\t\t\t\t\t\t<\/div>\n\t\t\t\t<\/div>\n\t\t\t\t\t<\/div>\n\t\t\t\t<\/div>\n\t\t\t\t<section class=\"elementor-section elementor-top-section elementor-element elementor-element-842879b elementor-section-boxed elementor-section-height-default elementor-section-height-default\" data-id=\"842879b\" data-element_type=\"section\" data-e-type=\"section\" data-settings=\"{&quot;jet_parallax_layout_list&quot;:[{&quot;jet_parallax_layout_image&quot;:{&quot;url&quot;:&quot;&quot;,&quot;id&quot;:&quot;&quot;,&quot;size&quot;:&quot;&quot;},&quot;_id&quot;:&quot;7708ecf&quot;,&quot;jet_parallax_layout_image_tablet&quot;:{&quot;url&quot;:&quot;&quot;,&quot;id&quot;:&quot;&quot;,&quot;size&quot;:&quot;&quot;},&quot;jet_parallax_layout_image_mobile&quot;:{&quot;url&quot;:&quot;&quot;,&quot;id&quot;:&quot;&quot;,&quot;size&quot;:&quot;&quot;},&quot;jet_parallax_layout_speed&quot;:{&quot;unit&quot;:&quot;%&quot;,&quot;size&quot;:50,&quot;sizes&quot;:[]},&quot;jet_parallax_layout_type&quot;:&quot;scroll&quot;,&quot;jet_parallax_layout_direction&quot;:&quot;1&quot;,&quot;jet_parallax_layout_fx_direction&quot;:null,&quot;jet_parallax_layout_z_index&quot;:&quot;&quot;,&quot;jet_parallax_layout_bg_x&quot;:50,&quot;jet_parallax_layout_bg_x_tablet&quot;:&quot;&quot;,&quot;jet_parallax_layout_bg_x_mobile&quot;:&quot;&quot;,&quot;jet_parallax_layout_bg_y&quot;:50,&quot;jet_parallax_layout_bg_y_tablet&quot;:&quot;&quot;,&quot;jet_parallax_layout_bg_y_mobile&quot;:&quot;&quot;,&quot;jet_parallax_layout_bg_size&quot;:&quot;auto&quot;,&quot;jet_parallax_layout_bg_size_tablet&quot;:&quot;&quot;,&quot;jet_parallax_layout_bg_size_mobile&quot;:&quot;&quot;,&quot;jet_parallax_layout_animation_prop&quot;:&quot;transform&quot;,&quot;jet_parallax_layout_on&quot;:[&quot;desktop&quot;,&quot;tablet&quot;]}],&quot;background_background&quot;:&quot;classic&quot;}\">\n\t\t\t\t\t\t<div class=\"elementor-container elementor-column-gap-no\">\n\t\t\t\t\t<div class=\"elementor-column elementor-col-100 elementor-top-column elementor-element elementor-element-43e130f7\" data-id=\"43e130f7\" data-element_type=\"column\" data-e-type=\"column\">\n\t\t\t<div class=\"elementor-widget-wrap elementor-element-populated\">\n\t\t\t\t\t\t<div class=\"elementor-element elementor-element-2e1f121e elementor-widget elementor-widget-spacer\" data-id=\"2e1f121e\" data-element_type=\"widget\" data-e-type=\"widget\" data-widget_type=\"spacer.default\">\n\t\t\t\t<div class=\"elementor-widget-container\">\n\t\t\t\t\t\t\t<div class=\"elementor-spacer\">\n\t\t\t<div class=\"elementor-spacer-inner\"><\/div>\n\t\t<\/div>\n\t\t\t\t\t\t<\/div>\n\t\t\t\t<\/div>\n\t\t\t\t<div class=\"elementor-element elementor-element-112428b3 elementor-widget elementor-widget-heading\" data-id=\"112428b3\" data-element_type=\"widget\" data-e-type=\"widget\" data-widget_type=\"heading.default\">\n\t\t\t\t<div class=\"elementor-widget-container\">\n\t\t\t\t\t<h2 class=\"elementor-heading-title elementor-size-default\">Mapa de ruta<\/h2>\t\t\t\t<\/div>\n\t\t\t\t<\/div>\n\t\t\t\t<div class=\"elementor-element elementor-element-3bde4d2 elementor-widget elementor-widget-spacer\" data-id=\"3bde4d2\" data-element_type=\"widget\" data-e-type=\"widget\" data-widget_type=\"spacer.default\">\n\t\t\t\t<div class=\"elementor-widget-container\">\n\t\t\t\t\t\t\t<div class=\"elementor-spacer\">\n\t\t\t<div class=\"elementor-spacer-inner\"><\/div>\n\t\t<\/div>\n\t\t\t\t\t\t<\/div>\n\t\t\t\t<\/div>\n\t\t\t\t<div class=\"elementor-element elementor-element-23450796 elementor-widget elementor-widget-html\" data-id=\"23450796\" data-element_type=\"widget\" data-e-type=\"widget\" data-widget_type=\"html.default\">\n\t\t\t\t<div class=\"elementor-widget-container\">\n\t\t\t\t\t<iframe src=\"https:\/\/www.google.com\/maps\/d\/embed?mid=1pkdR-xJRhzwcmZypJ1o9s-cr8aL2bHM&ehbc=2E312F\" width=\"640\" height=\"480\"><\/iframe>\t\t\t\t<\/div>\n\t\t\t\t<\/div>\n\t\t\t\t\t<\/div>\n\t\t<\/div>\n\t\t\t\t\t<\/div>\n\t\t<\/section>\n\t\t<div class=\"elementor-element elementor-element-4b9a269 e-flex e-con-boxed e-con e-parent\" data-id=\"4b9a269\" data-element_type=\"container\" data-e-type=\"container\" data-settings=\"{&quot;jet_parallax_layout_list&quot;:[],&quot;background_background&quot;:&quot;classic&quot;}\">\n\t\t\t\t\t<div class=\"e-con-inner\">\n\t\t<div class=\"elementor-element elementor-element-5b92ab3 e-con-full e-flex e-con e-child\" data-id=\"5b92ab3\" data-element_type=\"container\" data-e-type=\"container\" data-settings=\"{&quot;jet_parallax_layout_list&quot;:[]}\">\n\t\t\t\t<div class=\"elementor-element elementor-element-9fbaba0 elementor-widget elementor-widget-heading\" data-id=\"9fbaba0\" data-element_type=\"widget\" data-e-type=\"widget\" data-widget_type=\"heading.default\">\n\t\t\t\t<div class=\"elementor-widget-container\">\n\t\t\t\t\t<h2 class=\"elementor-heading-title elementor-size-default\">Contacta'ns<\/h2>\t\t\t\t<\/div>\n\t\t\t\t<\/div>\n\t\t\t\t<div class=\"elementor-element elementor-element-28fb61c elementor-widget elementor-widget-global elementor-global-36618 elementor-widget-text-editor\" data-id=\"28fb61c\" data-element_type=\"widget\" data-e-type=\"widget\" data-widget_type=\"text-editor.default\">\n\t\t\t\t<div class=\"elementor-widget-container\">\n\t\t\t\t\t\t\t\t\t<p>Aquest itinerari \u00e9s nom\u00e9s una mostra de com podria ser el teu viatge. Consulta&#8217;ns la possibilitat de fer aquest itinerari (o un de similar) en grup o pel teu compte, amb transports p\u00fablics o cotxe de lloguer.&nbsp;<\/p>\n<p>Podem modificar aquest viatge al teu gust, adaptant-lo a les teves prefer\u00e8ncies o forma de viatjar, dissenyant-lo completament a mida.<\/p>\n<p>No dubtis a contactar-nos tamb\u00e9 si busques un viatge diferent o tens qualsevol consulta. El nostre equip d&#8217;agents especialitzats en grans viatges est\u00e0 a la teva disposici\u00f3 per assessorar-te en tot all\u00f2 que necessitis.&nbsp;<\/p>\t\t\t\t\t\t\t\t<\/div>\n\t\t\t\t<\/div>\n\t\t\t\t<\/div>\n\t\t<div class=\"elementor-element elementor-element-4aca73c e-con-full e-flex e-con e-child\" data-id=\"4aca73c\" data-element_type=\"container\" data-e-type=\"container\" data-settings=\"{&quot;jet_parallax_layout_list&quot;:[]}\">\n\t\t\t\t<div class=\"elementor-element elementor-element-f9ed337 elementor-widget elementor-widget-heading\" data-id=\"f9ed337\" data-element_type=\"widget\" data-e-type=\"widget\" data-widget_type=\"heading.default\">\n\t\t\t\t<div class=\"elementor-widget-container\">\n\t\t\t\t\t<h2 class=\"elementor-heading-title elementor-size-default\">Formulari<\/h2>\t\t\t\t<\/div>\n\t\t\t\t<\/div>\n\t\t\t\t<div class=\"elementor-element elementor-element-d76ab44 elementor-widget elementor-widget-global elementor-global-36621 elementor-widget-contact-form-7\" data-id=\"d76ab44\" data-element_type=\"widget\" data-e-type=\"widget\" data-widget_type=\"contact-form-7.default\">\n\t\t\t\t<div class=\"elementor-widget-container\">\n\t\t\t\t\t<div class=\"elementor-contact-form-7 jet-elements\">\n<div class=\"wpcf7 no-js\" id=\"wpcf7-f35878-o1\" lang=\"es-ES\" dir=\"ltr\" data-wpcf7-id=\"35878\">\n<div class=\"screen-reader-response\"><p role=\"status\" aria-live=\"polite\" aria-atomic=\"true\"><\/p> <ul><\/ul><\/div>\n<form action=\"\/fr\/wp-json\/wp\/v2\/posts\/35809#wpcf7-f35878-o1\" method=\"post\" class=\"wpcf7-form init\" aria-label=\"Formulario de contacto\" novalidate=\"novalidate\" data-status=\"init\">\n<fieldset class=\"hidden-fields-container\"><input type=\"hidden\" name=\"_wpcf7\" value=\"35878\" \/><input type=\"hidden\" name=\"_wpcf7_version\" value=\"6.1.7\" \/><input type=\"hidden\" name=\"_wpcf7_locale\" value=\"es_ES\" \/><input type=\"hidden\" name=\"_wpcf7_unit_tag\" value=\"wpcf7-f35878-o1\" \/><input type=\"hidden\" name=\"_wpcf7_container_post\" value=\"0\" \/><input type=\"hidden\" name=\"_wpcf7_posted_data_hash\" value=\"\" \/><input type=\"hidden\" name=\"_wpcf7_recaptcha_response\" value=\"\" \/>\n<\/fieldset>\n<p><label> Nom i cognoms<br \/>\n<span class=\"wpcf7-form-control-wrap\" data-name=\"your-name\"><input size=\"40\" maxlength=\"400\" class=\"wpcf7-form-control wpcf7-text wpcf7-validates-as-required\" aria-required=\"true\" aria-invalid=\"false\" value=\"\" type=\"text\" name=\"your-name\" \/><\/span> <\/label>\n<\/p>\n<p><label> Tel\u00e8fon de contacte<br \/>\n<span class=\"wpcf7-form-control-wrap\" data-name=\"tel-634\"><input size=\"40\" maxlength=\"400\" class=\"wpcf7-form-control wpcf7-tel wpcf7-text wpcf7-validates-as-tel\" aria-invalid=\"false\" value=\"\" type=\"tel\" name=\"tel-634\" \/><\/span> <\/label>\n<\/p>\n<p><label> Correu electr\u00f2nic<br \/>\n<span class=\"wpcf7-form-control-wrap\" data-name=\"your-email\"><input size=\"40\" maxlength=\"400\" class=\"wpcf7-form-control wpcf7-email wpcf7-validates-as-required wpcf7-text wpcf7-validates-as-email\" aria-required=\"true\" aria-invalid=\"false\" value=\"\" type=\"email\" name=\"your-email\" \/><\/span> <\/label>\n<\/p>\n<p><label> Per quina de les nostres oficines vols ser at\u00e8s?<br \/>\n<span class=\"wpcf7-form-control-wrap\" data-name=\"menu-252\"><select class=\"wpcf7-form-control wpcf7-select wpcf7-validates-as-required\" aria-required=\"true\" aria-invalid=\"false\" name=\"menu-252\"><option value=\"\">&#8212;Por favor, elige una opci\u00f3n&#8212;<\/option><option value=\"Figueres\">Figueres<\/option><option value=\"Girona\">Girona<\/option><option value=\"Manresa\">Manresa<\/option><option value=\"Olot\">Olot<\/option><option value=\"Torroella de Montgr\u00ed\">Torroella de Montgr\u00ed<\/option><option value=\"Tortosa\">Tortosa<\/option><option value=\"Roses\">Roses<\/option><option value=\"Experi\u00e8ncies ElNacional.cat\">Experi\u00e8ncies ElNacional.cat<\/option><option value=\"Vi\u00f1olas Incoming Services\">Vi\u00f1olas Incoming Services<\/option><\/select><\/span> <\/label>\n<\/p>\n<p><label> Assumpte<br \/>\n<span class=\"wpcf7-form-control-wrap\" data-name=\"your-subject\"><input size=\"40\" maxlength=\"400\" class=\"wpcf7-form-control wpcf7-text wpcf7-validates-as-required\" aria-required=\"true\" aria-invalid=\"false\" value=\"\" type=\"text\" name=\"your-subject\" \/><\/span> <\/label>\n<\/p>\n<p><label> El teu missatge (opcional)<br \/>\n<span class=\"wpcf7-form-control-wrap\" data-name=\"your-message\"><textarea cols=\"40\" rows=\"10\" maxlength=\"2000\" class=\"wpcf7-form-control wpcf7-textarea\" aria-invalid=\"false\" name=\"your-message\"><\/textarea><\/span> <\/label>\n<\/p>\n<p><input class=\"wpcf7-form-control wpcf7-submit has-spinner\" type=\"submit\" value=\"Enviar\" \/>\n<\/p><p style=\"display: none !important;\" class=\"akismet-fields-container\" data-prefix=\"_wpcf7_ak_\"><label>&#916;<textarea name=\"_wpcf7_ak_hp_textarea\" cols=\"45\" rows=\"8\" maxlength=\"100\"><\/textarea><\/label><input type=\"hidden\" id=\"ak_js_1\" name=\"_wpcf7_ak_js\" value=\"128\"\/><script>\ndocument.getElementById( \"ak_js_1\" ).setAttribute( \"value\", ( new Date() ).getTime() );\n<\/script>\n<\/p><div class=\"wpcf7-response-output\" aria-hidden=\"true\"><\/div>\n<\/form>\n<\/div>\n<\/div>\t\t\t\t<\/div>\n\t\t\t\t<\/div>\n\t\t\t\t<\/div>\n\t\t\t\t\t<\/div>\n\t\t\t\t<\/div>\n\t\t<div class=\"elementor-element elementor-element-98aec4d e-flex e-con-boxed e-con e-parent\" data-id=\"98aec4d\" data-element_type=\"container\" data-e-type=\"container\" data-settings=\"{&quot;jet_parallax_layout_list&quot;:[{&quot;jet_parallax_layout_image&quot;:{&quot;url&quot;:&quot;&quot;,&quot;id&quot;:&quot;&quot;,&quot;size&quot;:&quot;&quot;},&quot;_id&quot;:&quot;739d72e&quot;,&quot;jet_parallax_layout_image_tablet&quot;:{&quot;url&quot;:&quot;&quot;,&quot;id&quot;:&quot;&quot;,&quot;size&quot;:&quot;&quot;},&quot;jet_parallax_layout_image_mobile&quot;:{&quot;url&quot;:&quot;&quot;,&quot;id&quot;:&quot;&quot;,&quot;size&quot;:&quot;&quot;},&quot;jet_parallax_layout_speed&quot;:{&quot;unit&quot;:&quot;%&quot;,&quot;size&quot;:50,&quot;sizes&quot;:[]},&quot;jet_parallax_layout_type&quot;:&quot;scroll&quot;,&quot;jet_parallax_layout_direction&quot;:&quot;1&quot;,&quot;jet_parallax_layout_fx_direction&quot;:null,&quot;jet_parallax_layout_z_index&quot;:&quot;&quot;,&quot;jet_parallax_layout_bg_x&quot;:50,&quot;jet_parallax_layout_bg_x_tablet&quot;:&quot;&quot;,&quot;jet_parallax_layout_bg_x_mobile&quot;:&quot;&quot;,&quot;jet_parallax_layout_bg_y&quot;:50,&quot;jet_parallax_layout_bg_y_tablet&quot;:&quot;&quot;,&quot;jet_parallax_layout_bg_y_mobile&quot;:&quot;&quot;,&quot;jet_parallax_layout_bg_size&quot;:&quot;auto&quot;,&quot;jet_parallax_layout_bg_size_tablet&quot;:&quot;&quot;,&quot;jet_parallax_layout_bg_size_mobile&quot;:&quot;&quot;,&quot;jet_parallax_layout_animation_prop&quot;:&quot;transform&quot;,&quot;jet_parallax_layout_on&quot;:[&quot;desktop&quot;,&quot;tablet&quot;]}]}\">\n\t\t\t\t\t<div class=\"e-con-inner\">\n\t\t<div class=\"elementor-element elementor-element-c6cdd40 e-con-full e-flex e-con e-child\" data-id=\"c6cdd40\" data-element_type=\"container\" data-e-type=\"container\" data-settings=\"{&quot;jet_parallax_layout_list&quot;:[]}\">\n\t\t\t\t<div class=\"elementor-element elementor-element-ffdf89b elementor-widget elementor-widget-heading\" data-id=\"ffdf89b\" data-element_type=\"widget\" data-e-type=\"widget\" data-widget_type=\"heading.default\">\n\t\t\t\t<div class=\"elementor-widget-container\">\n\t\t\t\t\t<h2 class=\"elementor-heading-title elementor-size-default\">Viatges relacionats<\/h2>\t\t\t\t<\/div>\n\t\t\t\t<\/div>\n\t\t\t\t<div class=\"elementor-element elementor-element-1539e01 elementor-widget elementor-widget-spacer\" data-id=\"1539e01\" data-element_type=\"widget\" data-e-type=\"widget\" data-widget_type=\"spacer.default\">\n\t\t\t\t<div class=\"elementor-widget-container\">\n\t\t\t\t\t\t\t<div class=\"elementor-spacer\">\n\t\t\t<div class=\"elementor-spacer-inner\"><\/div>\n\t\t<\/div>\n\t\t\t\t\t\t<\/div>\n\t\t\t\t<\/div>\n\t\t\t\t<div class=\"elementor-element elementor-element-fcfafc2 elementor-grid-tablet-1 elementor-grid-3 elementor-grid-mobile-1 elementor-posts--thumbnail-top elementor-card-shadow-yes elementor-posts__hover-gradient elementor-widget elementor-widget-posts\" data-id=\"fcfafc2\" data-element_type=\"widget\" data-e-type=\"widget\" data-settings=\"{&quot;cards_columns_tablet&quot;:&quot;1&quot;,&quot;cards_columns&quot;:&quot;3&quot;,&quot;cards_columns_mobile&quot;:&quot;1&quot;,&quot;cards_row_gap&quot;:{&quot;unit&quot;:&quot;px&quot;,&quot;size&quot;:35,&quot;sizes&quot;:[]},&quot;cards_row_gap_tablet&quot;:{&quot;unit&quot;:&quot;px&quot;,&quot;size&quot;:&quot;&quot;,&quot;sizes&quot;:[]},&quot;cards_row_gap_mobile&quot;:{&quot;unit&quot;:&quot;px&quot;,&quot;size&quot;:&quot;&quot;,&quot;sizes&quot;:[]}}\" data-widget_type=\"posts.cards\">\n\t\t\t\t<div class=\"elementor-widget-container\">\n\t\t\t\t\t\t\t<div class=\"elementor-posts-container elementor-posts elementor-posts--skin-cards elementor-grid\" role=\"list\">\n\t\t\t\t<article class=\"elementor-post elementor-grid-item post-47155 post type-post status-publish format-standard has-post-thumbnail hentry category-america-del-sud category-colombia category-gransviatges\" role=\"listitem\">\n\t\t\t<div class=\"elementor-post__card\">\n\t\t\t\t<a class=\"elementor-post__thumbnail__link\" href=\"https:\/\/viatgesvinolas.com\/fr\/gransviatges\/ruta-de-15-dies-pel-sud-de-colombia\/\" tabindex=\"-1\" ><div class=\"elementor-post__thumbnail\"><img fetchpriority=\"high\" decoding=\"async\" width=\"300\" height=\"200\" src=\"https:\/\/i0.wp.com\/viatgesvinolas.com\/wp-content\/uploads\/2026\/07\/desert-tatacoa-gran-viatge-ruta-sud-colombia-viatges-vinolas.jpg?fit=300%2C200&amp;ssl=1\" class=\"attachment-medium size-medium wp-image-47158\" alt=\"\" srcset=\"https:\/\/i0.wp.com\/viatgesvinolas.com\/wp-content\/uploads\/2026\/07\/desert-tatacoa-gran-viatge-ruta-sud-colombia-viatges-vinolas.jpg?w=800&amp;ssl=1 800w, https:\/\/i0.wp.com\/viatgesvinolas.com\/wp-content\/uploads\/2026\/07\/desert-tatacoa-gran-viatge-ruta-sud-colombia-viatges-vinolas.jpg?resize=300%2C200&amp;ssl=1 300w, https:\/\/i0.wp.com\/viatgesvinolas.com\/wp-content\/uploads\/2026\/07\/desert-tatacoa-gran-viatge-ruta-sud-colombia-viatges-vinolas.jpg?resize=768%2C512&amp;ssl=1 768w, https:\/\/i0.wp.com\/viatgesvinolas.com\/wp-content\/uploads\/2026\/07\/desert-tatacoa-gran-viatge-ruta-sud-colombia-viatges-vinolas.jpg?resize=18%2C12&amp;ssl=1 18w, https:\/\/i0.wp.com\/viatgesvinolas.com\/wp-content\/uploads\/2026\/07\/desert-tatacoa-gran-viatge-ruta-sud-colombia-viatges-vinolas.jpg?resize=600%2C400&amp;ssl=1 600w\" sizes=\"(max-width: 300px) 100vw, 300px\" data-attachment-id=\"47158\" data-permalink=\"https:\/\/viatgesvinolas.com\/fr\/gransviatges\/ruta-de-15-dies-pel-sud-de-colombia\/attachment\/desert-tatacoa-gran-viatge-ruta-sud-colombia-viatges-vinolas\/\" data-orig-file=\"https:\/\/i0.wp.com\/viatgesvinolas.com\/wp-content\/uploads\/2026\/07\/desert-tatacoa-gran-viatge-ruta-sud-colombia-viatges-vinolas.jpg?fit=800%2C533&amp;ssl=1\" data-orig-size=\"800,533\" data-comments-opened=\"0\" data-image-meta=\"{&quot;aperture&quot;:&quot;0&quot;,&quot;credit&quot;:&quot;&quot;,&quot;camera&quot;:&quot;&quot;,&quot;caption&quot;:&quot;&quot;,&quot;created_timestamp&quot;:&quot;0&quot;,&quot;copyright&quot;:&quot;&quot;,&quot;focal_length&quot;:&quot;0&quot;,&quot;iso&quot;:&quot;0&quot;,&quot;shutter_speed&quot;:&quot;0&quot;,&quot;title&quot;:&quot;&quot;,&quot;orientation&quot;:&quot;0&quot;,&quot;alt&quot;:&quot;&quot;}\" data-image-title=\"desert-tatacoa-gran-viatge-ruta-sud-colombia-viatges-vinolas\" data-image-description=\"\" data-image-caption=\"\" data-large-file=\"https:\/\/i0.wp.com\/viatgesvinolas.com\/wp-content\/uploads\/2026\/07\/desert-tatacoa-gran-viatge-ruta-sud-colombia-viatges-vinolas.jpg?fit=800%2C533&amp;ssl=1\" \/><\/div><\/a>\n\t\t\t\t<div class=\"elementor-post__text\">\n\t\t\t\t<h3 class=\"elementor-post__title\">\n\t\t\t<a href=\"https:\/\/viatgesvinolas.com\/fr\/gransviatges\/ruta-de-15-dies-pel-sud-de-colombia\/\" >\n\t\t\t\tRuta de 15 dies pel sud de Col\u00f2mbia\t\t\t<\/a>\n\t\t<\/h3>\n\t\t\t\t<div class=\"elementor-post__excerpt\">\n\t\t\t<p>Descobreix una Col\u00f2mbia diferent: des dels colors vibrants del mercat de Paloquemado a Bogot\u00e0, fins a les est\u00e0tues mil\u00b7len\u00e0ries de San Agust\u00edn, passant pel desert ocre de Tatacoa i les aig\u00fces del riu Magdalena.<\/p>\n\t\t<\/div>\n\t\t\t\t<\/div>\n\t\t\t\t\t<\/div>\n\t\t<\/article>\n\t\t\t\t<article class=\"elementor-post elementor-grid-item post-47097 post type-post status-publish format-standard has-post-thumbnail hentry category-creuers category-europa category-grecia category-illes-del-mon category-illes-gregues\" role=\"listitem\">\n\t\t\t<div class=\"elementor-post__card\">\n\t\t\t\t<a class=\"elementor-post__thumbnail__link\" href=\"https:\/\/viatgesvinolas.com\/fr\/gransviatges\/europa\/joies-de-les-illes-ciclades-amb-veler-a-motor\/\" tabindex=\"-1\" ><div class=\"elementor-post__thumbnail\"><img decoding=\"async\" width=\"291\" height=\"300\" src=\"https:\/\/i0.wp.com\/viatgesvinolas.com\/wp-content\/uploads\/2021\/03\/galileo-veler-motor-joies-ciclades-viatge-viatges-vinolas.png?fit=291%2C300&amp;ssl=1\" class=\"attachment-medium size-medium wp-image-47065\" alt=\"\" srcset=\"https:\/\/i0.wp.com\/viatgesvinolas.com\/wp-content\/uploads\/2021\/03\/galileo-veler-motor-joies-ciclades-viatge-viatges-vinolas.png?w=800&amp;ssl=1 800w, https:\/\/i0.wp.com\/viatgesvinolas.com\/wp-content\/uploads\/2021\/03\/galileo-veler-motor-joies-ciclades-viatge-viatges-vinolas.png?resize=291%2C300&amp;ssl=1 291w, https:\/\/i0.wp.com\/viatgesvinolas.com\/wp-content\/uploads\/2021\/03\/galileo-veler-motor-joies-ciclades-viatge-viatges-vinolas.png?resize=768%2C791&amp;ssl=1 768w, https:\/\/i0.wp.com\/viatgesvinolas.com\/wp-content\/uploads\/2021\/03\/galileo-veler-motor-joies-ciclades-viatge-viatges-vinolas.png?resize=12%2C12&amp;ssl=1 12w, https:\/\/i0.wp.com\/viatgesvinolas.com\/wp-content\/uploads\/2021\/03\/galileo-veler-motor-joies-ciclades-viatge-viatges-vinolas.png?resize=600%2C618&amp;ssl=1 600w\" sizes=\"(max-width: 291px) 100vw, 291px\" data-attachment-id=\"47065\" data-permalink=\"https:\/\/viatgesvinolas.com\/fr\/?attachment_id=47065\" data-orig-file=\"https:\/\/i0.wp.com\/viatgesvinolas.com\/wp-content\/uploads\/2021\/03\/galileo-veler-motor-joies-ciclades-viatge-viatges-vinolas.png?fit=800%2C824&amp;ssl=1\" data-orig-size=\"800,824\" data-comments-opened=\"0\" data-image-meta=\"{&quot;aperture&quot;:&quot;0&quot;,&quot;credit&quot;:&quot;&quot;,&quot;camera&quot;:&quot;&quot;,&quot;caption&quot;:&quot;&quot;,&quot;created_timestamp&quot;:&quot;0&quot;,&quot;copyright&quot;:&quot;&quot;,&quot;focal_length&quot;:&quot;0&quot;,&quot;iso&quot;:&quot;0&quot;,&quot;shutter_speed&quot;:&quot;0&quot;,&quot;title&quot;:&quot;&quot;,&quot;orientation&quot;:&quot;0&quot;,&quot;alt&quot;:&quot;&quot;}\" data-image-title=\"galileo-veler-motor-joies-ciclades-viatge-viatges-vinolas\" data-image-description=\"\" data-image-caption=\"\" data-large-file=\"https:\/\/i0.wp.com\/viatgesvinolas.com\/wp-content\/uploads\/2021\/03\/galileo-veler-motor-joies-ciclades-viatge-viatges-vinolas.png?fit=800%2C824&amp;ssl=1\" \/><\/div><\/a>\n\t\t\t\t<div class=\"elementor-post__text\">\n\t\t\t\t<h3 class=\"elementor-post__title\">\n\t\t\t<a href=\"https:\/\/viatgesvinolas.com\/fr\/gransviatges\/europa\/joies-de-les-illes-ciclades-amb-veler-a-motor\/\" >\n\t\t\t\tJoies de les illes C\u00edclades amb veler a motor\t\t\t<\/a>\n\t\t<\/h3>\n\t\t\t\t<div class=\"elementor-post__excerpt\">\n\t\t\t<p>JOIES DE LES ILLES C\u00cdCLADES AMB VELER A MOTOR Hi ha un Egeu que els grans creuers mai arriben a tocar: badies solit\u00e0ries on ancorar<\/p>\n\t\t<\/div>\n\t\t\t\t<\/div>\n\t\t\t\t\t<\/div>\n\t\t<\/article>\n\t\t\t\t<article class=\"elementor-post elementor-grid-item post-46712 post type-post status-publish format-standard has-post-thumbnail hentry category-creuers category-oceania category-polinesia-francesa\" role=\"listitem\">\n\t\t\t<div class=\"elementor-post__card\">\n\t\t\t\t<a class=\"elementor-post__thumbnail__link\" href=\"https:\/\/viatgesvinolas.com\/fr\/gransviatges\/oceania\/tahiti-la-polinesia-francesa-amb-veler\/\" tabindex=\"-1\" ><div class=\"elementor-post__thumbnail\"><img decoding=\"async\" width=\"300\" height=\"225\" src=\"https:\/\/i0.wp.com\/viatgesvinolas.com\/wp-content\/uploads\/2026\/06\/portada-tahiti-polinesia-francesa-veler-viatges-vinolas.jpg?fit=300%2C225&amp;ssl=1\" class=\"attachment-medium size-medium wp-image-46713\" alt=\"\" srcset=\"https:\/\/i0.wp.com\/viatgesvinolas.com\/wp-content\/uploads\/2026\/06\/portada-tahiti-polinesia-francesa-veler-viatges-vinolas.jpg?w=800&amp;ssl=1 800w, https:\/\/i0.wp.com\/viatgesvinolas.com\/wp-content\/uploads\/2026\/06\/portada-tahiti-polinesia-francesa-veler-viatges-vinolas.jpg?resize=300%2C225&amp;ssl=1 300w, https:\/\/i0.wp.com\/viatgesvinolas.com\/wp-content\/uploads\/2026\/06\/portada-tahiti-polinesia-francesa-veler-viatges-vinolas.jpg?resize=768%2C576&amp;ssl=1 768w, https:\/\/i0.wp.com\/viatgesvinolas.com\/wp-content\/uploads\/2026\/06\/portada-tahiti-polinesia-francesa-veler-viatges-vinolas.jpg?resize=16%2C12&amp;ssl=1 16w, https:\/\/i0.wp.com\/viatgesvinolas.com\/wp-content\/uploads\/2026\/06\/portada-tahiti-polinesia-francesa-veler-viatges-vinolas.jpg?resize=600%2C450&amp;ssl=1 600w\" sizes=\"(max-width: 300px) 100vw, 300px\" data-attachment-id=\"46713\" data-permalink=\"https:\/\/viatgesvinolas.com\/fr\/gransviatges\/oceania\/tahiti-la-polinesia-francesa-amb-veler\/attachment\/portada-tahiti-polinesia-francesa-veler-viatges-vinolas\/\" data-orig-file=\"https:\/\/i0.wp.com\/viatgesvinolas.com\/wp-content\/uploads\/2026\/06\/portada-tahiti-polinesia-francesa-veler-viatges-vinolas.jpg?fit=800%2C600&amp;ssl=1\" data-orig-size=\"800,600\" data-comments-opened=\"0\" data-image-meta=\"{&quot;aperture&quot;:&quot;0&quot;,&quot;credit&quot;:&quot;&quot;,&quot;camera&quot;:&quot;&quot;,&quot;caption&quot;:&quot;&quot;,&quot;created_timestamp&quot;:&quot;0&quot;,&quot;copyright&quot;:&quot;&quot;,&quot;focal_length&quot;:&quot;0&quot;,&quot;iso&quot;:&quot;0&quot;,&quot;shutter_speed&quot;:&quot;0&quot;,&quot;title&quot;:&quot;&quot;,&quot;orientation&quot;:&quot;1&quot;,&quot;alt&quot;:&quot;&quot;}\" data-image-title=\"portada-tahiti-polinesia-francesa-veler-viatges-vinolas\" data-image-description=\"\" data-image-caption=\"\" data-large-file=\"https:\/\/i0.wp.com\/viatgesvinolas.com\/wp-content\/uploads\/2026\/06\/portada-tahiti-polinesia-francesa-veler-viatges-vinolas.jpg?fit=800%2C600&amp;ssl=1\" \/><\/div><\/a>\n\t\t\t\t<div class=\"elementor-post__text\">\n\t\t\t\t<h3 class=\"elementor-post__title\">\n\t\t\t<a href=\"https:\/\/viatgesvinolas.com\/fr\/gransviatges\/oceania\/tahiti-la-polinesia-francesa-amb-veler\/\" >\n\t\t\t\tTahit\u00ed &amp; la Polin\u00e8sia Francesa amb veler\t\t\t<\/a>\n\t\t<\/h3>\n\t\t\t\t<div class=\"elementor-post__excerpt\">\n\t\t\t<p>Creuer boutique de 8 dies per Tahit\u00ed i la Polin\u00e8sia Francesa a bord d&#8217;un fant\u00e0stic i exclusiu veler a motor. Gaudeix d&#8217;unes de les millors illes del m\u00f3n.<\/p>\n\t\t<\/div>\n\t\t\t\t<\/div>\n\t\t\t\t\t<\/div>\n\t\t<\/article>\n\t\t\t\t<\/div>\n\t\t\n\t\t\t\t\t\t<\/div>\n\t\t\t\t<\/div>\n\t\t\t\t<\/div>\n\t\t\t\t\t<\/div>\n\t\t\t\t<\/div>\n\t\t\t\t<\/div>\n\t\t","protected":false},"excerpt":{"rendered":"<p>Circuit de 9 dies fent 2 nits a Vars\u00f2via, 2 nits a Crac\u00f2via, 1 nit a Breslau, 1 nit a Torun i 2 nits a Gdansk.<\/p>","protected":false},"author":192447020,"featured_media":23706,"comment_status":"closed","ping_status":"open","sticky":false,"template":"elementor_header_footer","format":"standard","meta":{"content-type":"","_jetpack_newsletter_access":"","_jetpack_dont_email_post_to_subs":false,"_jetpack_newsletter_tier_id":0,"_jetpack_memberships_contains_paywalled_content":false,"_wpcom_ai_launchpad_first_post":false,"_jetpack_feature_clip_id":0,"_jetpack_memberships_contains_paid_content":false,"footnotes":"","jetpack_publicize_message":"{title}\n\n{excerpt}\n\n{url}","jetpack_publicize_feature_enabled":true,"jetpack_social_post_already_shared":true,"jetpack_social_options":{"image_generator_settings":{"template":"highway","default_image_id":0,"font":"","enabled":false},"version":2},"_wpas_customize_per_network":false,"jetpack_post_was_ever_published":false},"categories":[121854,121958],"tags":[],"class_list":["post-35809","post","type-post","status-publish","format-standard","has-post-thumbnail","hentry","category-europa","category-polonia"],"jetpack_publicize_connections":[],"jetpack_likes_enabled":false,"jetpack_sharing_enabled":true,"jetpack_shortlink":"https:\/\/wp.me\/pcwC79-9jz","jetpack_featured_media_url":"https:\/\/i0.wp.com\/viatgesvinolas.com\/wp-content\/uploads\/2022\/01\/polonia-wawel.jpg?fit=1600%2C952&ssl=1","_links":{"self":[{"href":"https:\/\/viatgesvinolas.com\/fr\/wp-json\/wp\/v2\/posts\/35809","targetHints":{"allow":["GET"]}}],"collection":[{"href":"https:\/\/viatgesvinolas.com\/fr\/wp-json\/wp\/v2\/posts"}],"about":[{"href":"https:\/\/viatgesvinolas.com\/fr\/wp-json\/wp\/v2\/types\/post"}],"author":[{"embeddable":true,"href":"https:\/\/viatgesvinolas.com\/fr\/wp-json\/wp\/v2\/users\/192447020"}],"replies":[{"embeddable":true,"href":"https:\/\/viatgesvinolas.com\/fr\/wp-json\/wp\/v2\/comments?post=35809"}],"version-history":[{"count":100,"href":"https:\/\/viatgesvinolas.com\/fr\/wp-json\/wp\/v2\/posts\/35809\/revisions"}],"predecessor-version":[{"id":38277,"href":"https:\/\/viatgesvinolas.com\/fr\/wp-json\/wp\/v2\/posts\/35809\/revisions\/38277"}],"wp:featuredmedia":[{"embeddable":true,"href":"https:\/\/viatgesvinolas.com\/fr\/wp-json\/wp\/v2\/media\/23706"}],"wp:attachment":[{"href":"https:\/\/viatgesvinolas.com\/fr\/wp-json\/wp\/v2\/media?parent=35809"}],"wp:term":[{"taxonomy":"category","embeddable":true,"href":"https:\/\/viatgesvinolas.com\/fr\/wp-json\/wp\/v2\/categories?post=35809"},{"taxonomy":"post_tag","embeddable":true,"href":"https:\/\/viatgesvinolas.com\/fr\/wp-json\/wp\/v2\/tags?post=35809"}],"curies":[{"name":"wp","href":"https:\/\/api.w.org\/{rel}","templated":true}]}}